{"id":84637,"date":"2020-05-07T13:19:08","date_gmt":"2020-05-07T17:19:08","guid":{"rendered":"https:\/\/linitiative.ca\/International\/une-plateforme-electronique-dediee-aux-plaintes-des-victimes-de-violence\/"},"modified":"2020-05-07T13:19:08","modified_gmt":"2020-05-07T17:19:08","slug":"une-plateforme-electronique-dediee-aux-plaintes-des-victimes-de-violence","status":"publish","type":"post","link":"https:\/\/linitiative.ca\/International\/une-plateforme-electronique-dediee-aux-plaintes-des-victimes-de-violence\/","title":{"rendered":"Une plateforme \u00e9lectronique d\u00e9di\u00e9e aux plaintes des victimes de violence"},"content":{"rendered":"<div readability=\"34\">\n<p>El Kal\u00e2a des Sraghna \u2013 Le Parquet pr\u00e8s le Tribunal de premi\u00e8re instance d\u2019El Kal\u00e2a des Sraghna a annonc\u00e9 la mise en place d\u2019une plateforme \u00e9lectronique pour l\u2019interaction positive avec les plaintes des femmes et enfants victimes de violence.<\/p>\n<\/div>\n<div readability=\"69.377142857143\">\n<p>\u00ab\u00a0Le Procureur g\u00e9n\u00e9ral du Roi pr\u00e8s le Tribunal de premi\u00e8re instance d\u2019El Kel\u00e2a des Sraghna, Mostapha Kamili, porte \u00e0 la connaissance de l\u2019ensemble des citoyennes et citoyens qu\u00a0\u00bbune plateforme \u00e9lectronique a \u00e9t\u00e9 cr\u00e9\u00e9e pour interagir positivement avec les plaintes des femmes et enfants victimes de violence et ce, \u00e0 travers le lien\u00a0\u00a0(<a href=\"https:\/\/mapsm.map.ma\/,DanaInfo=.apbttyjz0xrupxnoOAzD.2C0W0BA,SSL+tpikelaa\" target=\"_blank\" rel=\"noopener noreferrer\" data-saferedirecturl=\"https:\/\/www.google.com\/url?q=https:\/\/parquettpikelaa.wixsite.com\/tpikelaa&amp;source=gmail&amp;ust=1588946881462000&amp;usg=AFQjCNGF40EX1b3wlUAF116x9-rG5mrUbw\">https:\/\/Parquettpikelaa. wixsite.com\/tpikela<\/a>a), indique le Parquet dans un communiqu\u00e9.<\/p>\n<p>Toutes les plaintes ou demandes de renseignement peuvent \u00eatre envoy\u00e9es via l\u2019adresse mail \u00ab\u00a0parquettpikelaa@gmail.com\u00a0\u00bb, ou bien \u00e0 travers les num\u00e9ros de Fax (05.24.41.08.66) et de t\u00e9l\u00e9phone (06.68.83.13.83).<\/p>\n<p>Dans ce sens, Le Procureur g\u00e9n\u00e9ral du Roi pr\u00e8s le Tribunal de premi\u00e8re instance d\u2019El Kel\u00e2a des Sraghna, a appel\u00e9 les citoyens au strict respect des mesures pr\u00e9ventives adopt\u00e9es en vue d\u2019endiguer la propagation du Covid-19.<\/p>\n<p>Selon le communiqu\u00e9, la cr\u00e9ation de cette plateforme intervient en application de la circulaire \u00e9mise par le Procureur g\u00e9n\u00e9ral du Roi pr\u00e8s la Cour de Cassation, Pr\u00e9sident du Minist\u00e8re public au sujet des questions relatives \u00e0 la violence faite aux femmes durant la p\u00e9riode de l\u2019\u00e9tat d\u2019urgence sanitaire.<\/p>\n<p>Dans cette circulaire, le pr\u00e9sident du Minist\u00e8re public a appel\u00e9 \u00e0 accorder un grand int\u00e9r\u00eat aux plaintes et d\u00e9nonciations relatives aux affaires de la violence \u00e0 l\u2019\u00e9gard des femmes et \u00e0 leur pr\u00eater l\u2019importance et la priorit\u00e9 dans le traitement, parall\u00e8lement \u00e0 l\u2019application des mesures de protection stipul\u00e9es par la loi en faveur de la femme et des conjoints en g\u00e9n\u00e9ral, selon les situations n\u00e9cessitant une protection.<\/p>\n<p>La circulaire a aussi insist\u00e9 sur la n\u00e9cessit\u00e9 de veiller \u00e0 prot\u00e9ger les int\u00e9r\u00eats des enfants, \u00e0 la lumi\u00e8re de la poursuite des mesures li\u00e9es \u00e0 l\u2019\u00e9tat d\u2019urgence sanitaire dans le Royaume, induit par la propagation de la pand\u00e9mie du Covid-19.<\/p>\n<\/div>\n<p>Auteur: Meriem IGASS<br \/>\n<a href=\"http:\/\/www.mapmarrakech.ma\/fr\/une-plateforme-electronique-dediee-aux-plaintes-des-victimes-de-violence\/\">Cliquez ici pour lire l&rsquo;article depuis sa source.<\/a><\/p>\n","protected":false},"excerpt":{"rendered":"<p>El Kal\u00e2a des Sraghna \u2013 Le Parquet pr\u00e8s le Tribunal de premi\u00e8re instance d\u2019El Kal\u00e2a des Sraghna a annonc\u00e9 la mise en place d\u2019une plateforme \u00e9lectronique pour l\u2019interaction positive avec les plaintes des femmes et enfants victimes de violence. \u00ab\u00a0Le Procureur g\u00e9n\u00e9ral du Roi pr\u00e8s le Tribunal de premi\u00e8re instance d\u2019El Kel\u00e2a des Sraghna, Mostapha [&hellip;]<\/p>\n","protected":false},"author":1788,"featured_media":0,"comment_status":"closed","ping_status":"closed","sticky":false,"template":"","format":"standard","meta":{"fifu_image_url":"","fifu_image_alt":"","footnotes":""},"categories":[54,76],"tags":[],"class_list":["post-84637","post","type-post","status-publish","format-standard","hentry","category-maroc","category-regions"],"_links":{"self":[{"href":"https:\/\/linitiative.ca\/International\/wp-json\/wp\/v2\/posts\/84637","targetHints":{"allow":["GET"]}}],"collection":[{"href":"https:\/\/linitiative.ca\/International\/wp-json\/wp\/v2\/posts"}],"about":[{"href":"https:\/\/linitiative.ca\/International\/wp-json\/wp\/v2\/types\/post"}],"author":[{"embeddable":true,"href":"https:\/\/linitiative.ca\/International\/wp-json\/wp\/v2\/users\/1788"}],"replies":[{"embeddable":true,"href":"https:\/\/linitiative.ca\/International\/wp-json\/wp\/v2\/comments?post=84637"}],"version-history":[{"count":0,"href":"https:\/\/linitiative.ca\/International\/wp-json\/wp\/v2\/posts\/84637\/revisions"}],"wp:attachment":[{"href":"https:\/\/linitiative.ca\/International\/wp-json\/wp\/v2\/media?parent=84637"}],"wp:term":[{"taxonomy":"category","embeddable":true,"href":"https:\/\/linitiative.ca\/International\/wp-json\/wp\/v2\/categories?post=84637"},{"taxonomy":"post_tag","embeddable":true,"href":"https:\/\/linitiative.ca\/International\/wp-json\/wp\/v2\/tags?post=84637"}],"curies":[{"name":"wp","href":"https:\/\/api.w.org\/{rel}","templated":true}]}}