{"id":84638,"date":"2020-05-07T07:07:06","date_gmt":"2020-05-07T11:07:06","guid":{"rendered":"https:\/\/linitiative.ca\/International\/illizi-remise-dun-couloir-de-desinfection-realise-par-les-agents-de-letablissement-de-reeducation\/"},"modified":"2020-05-07T07:07:06","modified_gmt":"2020-05-07T11:07:06","slug":"illizi-remise-dun-couloir-de-desinfection-realise-par-les-agents-de-letablissement-de-reeducation","status":"publish","type":"post","link":"https:\/\/linitiative.ca\/International\/illizi-remise-dun-couloir-de-desinfection-realise-par-les-agents-de-letablissement-de-reeducation\/","title":{"rendered":"Illizi: remise d\u2019un couloir de d\u00e9sinfection, r\u00e9alis\u00e9 par les agents de l\u2019\u00e9tablissement d\u00e9 r\u00e9\u00e9ducation"},"content":{"rendered":"<p><span class=\"sp-nh-title\">Les exigences de l&rsquo;Etat de droit d\u00e9taill\u00e9es dans la mouture de\u00a0 l&rsquo;avant-projet de r\u00e9vision de la Constitution<\/span> &#8211; <span class=\"sp-nh-date\">jeudi 7 mai 2020 19:05<\/span><\/p>\n<p><span class=\"sp-nh-title\">Le pr\u00e9sident Tebboune d\u00e9cr\u00e8te le 8 mai Journ\u00e9e nationale de la m\u00e9moire<\/span> &#8211; <span class=\"sp-nh-date\">jeudi 7 mai 2020 18:52<\/span><\/p>\n<p><span class=\"sp-nh-title\">Propositions de la mouture de l&rsquo;avant projet de r\u00e9vision de la Constitution<\/span> &#8211; <span class=\"sp-nh-date\">jeudi 7 mai 2020 18:32<\/span><\/p>\n<p><span class=\"sp-nh-title\">Arkab: Le march\u00e9 p\u00e9trolier retrouvera son \u00e9quilibre au deuxi\u00e8me semestre de 2020 \u00a0<\/span> &#8211; <span class=\"sp-nh-date\">jeudi 7 mai 2020 18:14<\/span><\/p>\n<p><span class=\"sp-nh-title\">Message du pr\u00e9sident de la R\u00e9publique \u00e0 l&rsquo;occasion du 75e anniversaire des\u00a0Massacres du 8 mai 1945<\/span> &#8211; <span class=\"sp-nh-date\">jeudi 7 mai 2020 18:08<\/span><\/p>\n<p><span class=\"sp-nh-title\">Massacres du 8 mai 1945 : le souvenir est toujours vivace \u00e0 Kherrata<\/span> &#8211; <span class=\"sp-nh-date\">jeudi 7 mai 2020 17:37<\/span><\/p>\n<p><span class=\"sp-nh-title\">R\u00e9union sectorielle pour am\u00e9liorer le d\u00e9bit internet et la qualit\u00e9 des prestations t\u00e9l\u00e9phoniques<\/span> &#8211; <span class=\"sp-nh-date\">jeudi 7 mai 2020 17:25<\/span><\/p>\n<p><span class=\"sp-nh-title\">Covid19\/Djelfa : des \u00e9leveurs font don de 200 t\u00eates d\u2019ovins aux citoyens de Blida \u00a0<\/span> &#8211; <span class=\"sp-nh-date\">jeudi 7 mai 2020 17:17<\/span><\/p>\n<p><span class=\"sp-nh-title\">Covid 19 : le groupe Serport enregistre des pertes de pr\u00e8s de 230 millions DA<\/span> &#8211; <span class=\"sp-nh-date\">jeudi 7 mai 2020 16:55<\/span><\/p>\n<p><span class=\"sp-nh-title\">Coronavirus : 185 nouveaux cas confirm\u00e9s et 7 d\u00e9c\u00e8s en Alg\u00e9rie durant les derni\u00e8res 24h<\/span> &#8211; <span class=\"sp-nh-date\">jeudi 7 mai 2020 16:42<\/span><\/p>\n<p><span class=\"sp-nh-title\">Covid-19\/Tourisme: le SNAV appelle \u00e0 un plan de sauvetage national du secteur du tourisme<\/span> &#8211; <span class=\"sp-nh-date\">jeudi 7 mai 2020 16:41<\/span><\/p>\n<p><span class=\"sp-nh-title\">L&rsquo;UE fait don de 5,3 millions d&rsquo;euros aux r\u00e9fugi\u00e9s sahraouis<\/span> &#8211; <span class=\"sp-nh-date\">jeudi 7 mai 2020 16:36<\/span><\/p>\n<p><span class=\"sp-nh-title\">Chlef : d\u00e9couverte d\u2019un oiseau Ababil par un citoyen qui le remet aux services des for\u00eats \u00a0<\/span> &#8211; <span class=\"sp-nh-date\">jeudi 7 mai 2020 16:29<\/span><\/p>\n<p><span class=\"sp-nh-title\">Le message des chouhada impose au peuple alg\u00e9rien de resserrer ses rangs pour construire l\u2019avenir<\/span> &#8211; <span class=\"sp-nh-date\">jeudi 7 mai 2020 16:25<\/span><\/p>\n<p><span class=\"sp-nh-title\">Le minist\u00e8re de la Solidarit\u00e9 accompagne les initiatives de lutte contre la pand\u00e9mie de Covid-19<\/span> &#8211; <span class=\"sp-nh-date\">jeudi 7 mai 2020 16:16<\/span><\/p>\n<p><span class=\"sp-nh-title\">R\u00e9vision de la Constitution: la mouture de l&rsquo;avant-projet pr\u00eate pour le d\u00e9bat \u00a0<\/span> &#8211; <span class=\"sp-nh-date\">jeudi 7 mai 2020 16:12<\/span><\/p>\n<p><span class=\"sp-nh-title\">Covid-19: La SEAAL r\u00e9duit le nombre de ses agences ouvertes \u00e0 25, privil\u00e9gie le E-paiment \u00a0<\/span> &#8211; <span class=\"sp-nh-date\">jeudi 7 mai 2020 15:26<\/span><\/p>\n<p><span class=\"sp-nh-title\">Crise en Libye: Guterres d\u00e9nonce les informations sur l&rsquo;implication de mercenaires \u00e9trangers<\/span> &#8211; <span class=\"sp-nh-date\">jeudi 7 mai 2020 15:13<\/span><\/p>\n<p><span class=\"sp-nh-title\">Le d\u00e9put\u00e9 Djamal Bouras, pr\u00e9sident du parlement panafricain par int\u00e9rim<\/span> &#8211; <span class=\"sp-nh-date\">jeudi 7 mai 2020 15:10<\/span><\/p>\n<p><span class=\"sp-nh-title\">R\u00e9vision de la Constitution: la Pr\u00e9sidence de la R\u00e9publique entame la distribution de la mouture de l&rsquo;avant-projet<\/span> &#8211; <span class=\"sp-nh-date\">jeudi 7 mai 2020 14:53<\/span><\/p>\n<p>Auteur:<br \/>\n<a href=\"http:\/\/www.aps.dz\/regions\/104790-illizi-remise-d-un-couloir-de-desinfection-realise-par-les-agents-de-l-etablissement-de-reeducation\">Cliquez ici pour lire l&rsquo;article depuis sa source.<\/a><\/p>\n","protected":false},"excerpt":{"rendered":"<p>Les exigences de l&rsquo;Etat de droit d\u00e9taill\u00e9es dans la mouture de\u00a0 l&rsquo;avant-projet de r\u00e9vision de la Constitution &#8211; jeudi 7 mai 2020 19:05 Le pr\u00e9sident Tebboune d\u00e9cr\u00e8te le 8 mai Journ\u00e9e nationale de la m\u00e9moire &#8211; jeudi 7 mai 2020 18:52 Propositions de la mouture de l&rsquo;avant projet de r\u00e9vision de la Constitution &#8211; jeudi [&hellip;]<\/p>\n","protected":false},"author":1790,"featured_media":0,"comment_status":"closed","ping_status":"closed","sticky":false,"template":"","format":"standard","meta":{"fifu_image_url":"","fifu_image_alt":"","footnotes":""},"categories":[53,76],"tags":[],"class_list":["post-84638","post","type-post","status-publish","format-standard","hentry","category-algerie","category-regions"],"_links":{"self":[{"href":"https:\/\/linitiative.ca\/International\/wp-json\/wp\/v2\/posts\/84638","targetHints":{"allow":["GET"]}}],"collection":[{"href":"https:\/\/linitiative.ca\/International\/wp-json\/wp\/v2\/posts"}],"about":[{"href":"https:\/\/linitiative.ca\/International\/wp-json\/wp\/v2\/types\/post"}],"author":[{"embeddable":true,"href":"https:\/\/linitiative.ca\/International\/wp-json\/wp\/v2\/users\/1790"}],"replies":[{"embeddable":true,"href":"https:\/\/linitiative.ca\/International\/wp-json\/wp\/v2\/comments?post=84638"}],"version-history":[{"count":0,"href":"https:\/\/linitiative.ca\/International\/wp-json\/wp\/v2\/posts\/84638\/revisions"}],"wp:attachment":[{"href":"https:\/\/linitiative.ca\/International\/wp-json\/wp\/v2\/media?parent=84638"}],"wp:term":[{"taxonomy":"category","embeddable":true,"href":"https:\/\/linitiative.ca\/International\/wp-json\/wp\/v2\/categories?post=84638"},{"taxonomy":"post_tag","embeddable":true,"href":"https:\/\/linitiative.ca\/International\/wp-json\/wp\/v2\/tags?post=84638"}],"curies":[{"name":"wp","href":"https:\/\/api.w.org\/{rel}","templated":true}]}}