{"id":84640,"date":"2020-05-07T11:29:58","date_gmt":"2020-05-07T15:29:58","guid":{"rendered":"https:\/\/linitiative.ca\/International\/chlef-decouverte-dun-oiseau-ababil-par-un-citoyen-qui-le-remet-aux-services-des-forets\/"},"modified":"2020-05-07T11:29:58","modified_gmt":"2020-05-07T15:29:58","slug":"chlef-decouverte-dun-oiseau-ababil-par-un-citoyen-qui-le-remet-aux-services-des-forets","status":"publish","type":"post","link":"https:\/\/linitiative.ca\/International\/chlef-decouverte-dun-oiseau-ababil-par-un-citoyen-qui-le-remet-aux-services-des-forets\/","title":{"rendered":"Chlef : d\u00e9couverte d\u2019un oiseau Ababil par un citoyen qui le remet aux services des for\u00eats  \u00a0"},"content":{"rendered":"<div readability=\"39\">\n<p><strong>CHLEF- Un citoyen de Chlef a trouv\u00e9, jeudi, un martinet noir (Apus apus), une esp\u00e8ce d&rsquo;oiseau de la famille des apodid\u00e9s, \u00e9galement appel\u00e9 oiseau Ababil, qu\u2019il a remis aux services de la Conservation des\u00a0for\u00eats de la wilaya.<\/strong><\/p>\n<\/div>\n<div readability=\"78.5\">\n<p>Selon le charg\u00e9 de l\u2019information aupr\u00e8s de ces services, Mohamed Boughalia, \u00ab\u00a0un citoyen a remis \u00e0 la Conservation des for\u00eats un martinet noir, qui a \u00e9t\u00e9 examin\u00e9 et plac\u00e9 sous protection, car il s\u2019agit d\u2019une\u00a0esp\u00e8ce rare digne d\u2019int\u00e9r\u00eat\u00a0\u00bb, a-t-il indiqu\u00e9 \u00e0 l\u2019APS.<\/p>\n<p>\u00ab\u00a0Un expert en protection des oiseaux a examin\u00e9 l\u2019oiseau qui se trouve en tr\u00e8s bon \u00e9tat\u00a0\u00bb, a-t-il ajout\u00e9. \u00ab\u00a0Nous ignorons, n\u00e9anmoins, les raisons de sa chute sur terre, car il s\u2019agit d\u2019un excellent voilier vivant g\u00e9n\u00e9ralement dans les airs, et sur les hauteurs\u00a0\u00bb, a pr\u00e9cis\u00e9 le m\u00eame responsable.<\/p>\n<blockquote readability=\"15\">\n<p><em><strong>Apr\u00e8s avoir lou\u00e9 la \u00ab\u00a0conscience environnementale\u00a0\u00bb de ce citoyen, qui n\u2019a pas h\u00e9sit\u00e9 \u00e0 prendre contact avec la direction des for\u00eats pour lui remettre cet oiseau, il a exprim\u00e9 son souhait pour la \u00ab\u00a0f\u00e9d\u00e9ration des efforts de tous, en vue de prot\u00e9ger ce type d\u2019oiseaux rares, et contribuer, par la m\u00eame, \u00e0 la sauvegarde de la biodiversit\u00e9\u00a0\u00bb, a-t-il soulign\u00e9.<\/strong><\/em><\/p>\n<\/blockquote>\n<p>Selon le chef du service de la protection de la faune et de la flore, Mohamed Arrous, il s\u2019agit d\u2019un \u00ab\u00a0oiseau m\u00e2le, de 16 cm de long. Cette esp\u00e8ce se distingue par ses ailes en forme de faucille, corps effil\u00e9 et une\u00a0coloration fonc\u00e9e. Excellent voilier, le martinet vit g\u00e9n\u00e9ralement dans les airs et ne descend que tr\u00e8s rarement sur terre\u00a0\u00bb, a-t-il observ\u00e9.<\/p>\n<blockquote readability=\"8\">\n<p><em><strong>\u00ab\u00a0Cet accident est le 2eme du genre \u00e0 Chlef, car ce type d\u2019oiseau a d\u00e9j\u00e0 \u00e9t\u00e9 observ\u00e9 pr\u00e9c\u00e9demment dans la r\u00e9gion de T\u00e9n\u00e9s (55 km au nord de la wilaya)\u00a0\u00bb, a-t-il soulign\u00e9.<\/strong><\/em><\/p>\n<\/blockquote>\n<p>\u00ab\u00a0Le sort de cet oiseau sera d\u00e9cid\u00e9 apr\u00e8s consultation avec des experts du Centre cyn\u00e9g\u00e9tique de Z\u00e9ralda (CCZ). Soit il sera rel\u00e2ch\u00e9 sur les hauteurs, apr\u00e8s avoir b\u00e9n\u00e9fici\u00e9 de soins bien s\u00fbr, ou alors il sera remis au CCZ, pour des examens plus pouss\u00e9s et sa prise en charge\u00a0\u00bb, a inform\u00e9 le m\u00eame responsable.<\/p>\n<\/div>\n<p>Auteur:<br \/>\n<a href=\"http:\/\/www.aps.dz\/regions\/104802-chlef-decouverte-d-un-oiseau-ababil-par-un-citoyen-qui-le-remet-aux-services-des-forets\">Cliquez ici pour lire l&rsquo;article depuis sa source.<\/a><\/p>\n","protected":false},"excerpt":{"rendered":"<p>CHLEF- Un citoyen de Chlef a trouv\u00e9, jeudi, un martinet noir (Apus apus), une esp\u00e8ce d&rsquo;oiseau de la famille des apodid\u00e9s, \u00e9galement appel\u00e9 oiseau Ababil, qu\u2019il a remis aux services de la Conservation des\u00a0for\u00eats de la wilaya. Selon le charg\u00e9 de l\u2019information aupr\u00e8s de ces services, Mohamed Boughalia, \u00ab\u00a0un citoyen a remis \u00e0 la Conservation [&hellip;]<\/p>\n","protected":false},"author":1790,"featured_media":0,"comment_status":"closed","ping_status":"closed","sticky":false,"template":"","format":"standard","meta":{"fifu_image_url":"","fifu_image_alt":"","footnotes":""},"categories":[53,76],"tags":[],"class_list":["post-84640","post","type-post","status-publish","format-standard","hentry","category-algerie","category-regions"],"_links":{"self":[{"href":"https:\/\/linitiative.ca\/International\/wp-json\/wp\/v2\/posts\/84640","targetHints":{"allow":["GET"]}}],"collection":[{"href":"https:\/\/linitiative.ca\/International\/wp-json\/wp\/v2\/posts"}],"about":[{"href":"https:\/\/linitiative.ca\/International\/wp-json\/wp\/v2\/types\/post"}],"author":[{"embeddable":true,"href":"https:\/\/linitiative.ca\/International\/wp-json\/wp\/v2\/users\/1790"}],"replies":[{"embeddable":true,"href":"https:\/\/linitiative.ca\/International\/wp-json\/wp\/v2\/comments?post=84640"}],"version-history":[{"count":0,"href":"https:\/\/linitiative.ca\/International\/wp-json\/wp\/v2\/posts\/84640\/revisions"}],"wp:attachment":[{"href":"https:\/\/linitiative.ca\/International\/wp-json\/wp\/v2\/media?parent=84640"}],"wp:term":[{"taxonomy":"category","embeddable":true,"href":"https:\/\/linitiative.ca\/International\/wp-json\/wp\/v2\/categories?post=84640"},{"taxonomy":"post_tag","embeddable":true,"href":"https:\/\/linitiative.ca\/International\/wp-json\/wp\/v2\/tags?post=84640"}],"curies":[{"name":"wp","href":"https:\/\/api.w.org\/{rel}","templated":true}]}}