{"id":84643,"date":"2020-05-07T13:44:28","date_gmt":"2020-05-07T17:44:28","guid":{"rendered":"https:\/\/linitiative.ca\/International\/marche-de-capitaux-cdg-capital-lance-une-serie-de-webinars\/"},"modified":"2020-05-07T13:44:28","modified_gmt":"2020-05-07T17:44:28","slug":"marche-de-capitaux-cdg-capital-lance-une-serie-de-webinars","status":"publish","type":"post","link":"https:\/\/linitiative.ca\/International\/marche-de-capitaux-cdg-capital-lance-une-serie-de-webinars\/","title":{"rendered":"March\u00e9 de capitaux: CDG Capital lance une s\u00e9rie de webinars"},"content":{"rendered":"<div class=\"body\">\n<div class=\"field field-name-body field-type-text-with-summary field-label-hidden\">\n<div class=\"field-items\" readability=\"8\">\n<div class=\"field-item even\" property=\"content:encoded\" readability=\"11\">\n<p class=\"rtejustify\">CDG Capital lance un cycle de webinars sur le th\u00e8me le march\u00e9 des capitaux face aux enjeux du Covid-19. Il s\u2019agit de s\u00e9minaires en ligne qui feront intervenir des experts autour de sujets d\u2019actualit\u00e9 \u00e0 l\u2019heure o\u00f9 l\u2019\u00e9conomie marocaine \u00e9volue dans une conjoncture in\u00e9dite, avec de fortes implications sur les \u00e9quilibres macro-\u00e9conomiques et les politiques publiques. Le premier webinar d\u2019une s\u00e9rie de 6 sera organis\u00e9 jeudi 14 mai \u00e0 14 heures en live streaming sur le site de CDG Capital. Il sera question de la politique mon\u00e9taire et la r\u00e9forme du r\u00e9gime de change face \u00e0 l\u2019\u00e9preuve du Covid-19.<br \/><em>M.A.B.<\/em><\/p>\n<\/div>\n<\/div>\n<\/div>\n<\/div>\n<div class=\"eco-conseil\">\n<div class=\"view view-eco-conseil-16 view-id-eco_conseil_16 view-display-id-cookies view-dom-id-3fb7778cd2733dc98555ca2d6a963144\">\n<div class=\"view-content\">\n<div id=\"views-bootstrap-grid-1\" class=\"views-bootstrap-grid-plugin-style\">\n<div class=\"row\">\n<div class=\" col-xs-12 col-lg-4\">\n<div class=\"row\">\n<div class=\"col col-xs-12 col-lg-12\">\n<div class=\"field-content\"><a href=\"\/article\/1061614-casablanca-du-nouveau-pour-le-grand-theatre\"><img loading=\"lazy\" decoding=\"async\" class=\"img-responsive\" typeof=\"foaf:Image\" src=\"https:\/\/www.leconomiste.com\/sites\/default\/files\/eco7\/public\/styles\/800x400\/public\/default_images\/default_une.jpg?itok=4jZlgnIZ\" width=\"660\" height=\"330\" alt=\"\"\/><\/a><\/div>\n<\/div>\n<div class=\" title_suite_2 col col-xs-12 col-lg-12\"> <a href=\"\/article\/1061614-casablanca-du-nouveau-pour-le-grand-theatre\"\/><span class=\"field-content\">Article 1061614<\/span><\/div>\n<\/div>\n<\/div>\n<div class=\" col-xs-12 col-lg-4\">\n<div class=\"row\">\n<div class=\"col col-xs-12 col-lg-12\">\n<div class=\"field-content\"><a href=\"\/article\/1061613-action-solidaire-de-brand-factory\"><img loading=\"lazy\" decoding=\"async\" class=\"img-responsive\" typeof=\"foaf:Image\" src=\"https:\/\/www.leconomiste.com\/sites\/default\/files\/eco7\/public\/styles\/800x400\/public\/default_images\/default_une.jpg?itok=4jZlgnIZ\" width=\"660\" height=\"330\" alt=\"\"\/><\/a><\/div>\n<\/div>\n<div class=\" title_suite_2 col col-xs-12 col-lg-12\"> <a href=\"\/article\/1061613-action-solidaire-de-brand-factory\"\/><span class=\"field-content\">Action solidaire de Brand Factory <\/span><\/div>\n<\/div>\n<\/div>\n<div class=\" col-xs-12 col-lg-4\">\n<div class=\"row\">\n<div class=\"col col-xs-12 col-lg-12\">\n<div class=\"field-content\"><a href=\"\/article\/1061612-depistage-covid-19-les-plaintes-des-techniciens-de-laboratoires\"><img loading=\"lazy\" decoding=\"async\" class=\"img-responsive\" typeof=\"foaf:Image\" src=\"https:\/\/www.leconomiste.com\/sites\/default\/files\/eco7\/public\/styles\/800x400\/public\/default_images\/default_une.jpg?itok=4jZlgnIZ\" width=\"660\" height=\"330\" alt=\"\"\/><\/a><\/div>\n<\/div>\n<div class=\" title_suite_2 col col-xs-12 col-lg-12\"> <a href=\"\/article\/1061612-depistage-covid-19-les-plaintes-des-techniciens-de-laboratoires\"\/><span class=\"field-content\">D\u00e9pistage Covid-19: Les plaintes des techniciens de laboratoires<\/span><\/div>\n<\/div>\n<\/div>\n<\/div>\n<\/div>\n<\/div>\n<\/div>\n<\/div>\n<p>Auteur: hlafriqi<br \/>\n<a href=\"https:\/\/www.leconomiste.com\/article\/1061611-marche-de-capitaux-cdg-capital-lance-une-serie-de-webinars\">Cliquez ici pour lire l&rsquo;article depuis sa source.<\/a><\/p>\n","protected":false},"excerpt":{"rendered":"<p>CDG Capital lance un cycle de webinars sur le th\u00e8me le march\u00e9 des capitaux face aux enjeux du Covid-19. Il s\u2019agit de s\u00e9minaires en ligne qui feront intervenir des experts autour de sujets d\u2019actualit\u00e9 \u00e0 l\u2019heure o\u00f9 l\u2019\u00e9conomie marocaine \u00e9volue dans une conjoncture in\u00e9dite, avec de fortes implications sur les \u00e9quilibres macro-\u00e9conomiques et les politiques [&hellip;]<\/p>\n","protected":false},"author":1763,"featured_media":0,"comment_status":"closed","ping_status":"closed","sticky":false,"template":"","format":"standard","meta":{"fifu_image_url":"","fifu_image_alt":"","footnotes":""},"categories":[78,54],"tags":[],"class_list":["post-84643","post","type-post","status-publish","format-standard","hentry","category-economie","category-maroc"],"_links":{"self":[{"href":"https:\/\/linitiative.ca\/International\/wp-json\/wp\/v2\/posts\/84643","targetHints":{"allow":["GET"]}}],"collection":[{"href":"https:\/\/linitiative.ca\/International\/wp-json\/wp\/v2\/posts"}],"about":[{"href":"https:\/\/linitiative.ca\/International\/wp-json\/wp\/v2\/types\/post"}],"author":[{"embeddable":true,"href":"https:\/\/linitiative.ca\/International\/wp-json\/wp\/v2\/users\/1763"}],"replies":[{"embeddable":true,"href":"https:\/\/linitiative.ca\/International\/wp-json\/wp\/v2\/comments?post=84643"}],"version-history":[{"count":0,"href":"https:\/\/linitiative.ca\/International\/wp-json\/wp\/v2\/posts\/84643\/revisions"}],"wp:attachment":[{"href":"https:\/\/linitiative.ca\/International\/wp-json\/wp\/v2\/media?parent=84643"}],"wp:term":[{"taxonomy":"category","embeddable":true,"href":"https:\/\/linitiative.ca\/International\/wp-json\/wp\/v2\/categories?post=84643"},{"taxonomy":"post_tag","embeddable":true,"href":"https:\/\/linitiative.ca\/International\/wp-json\/wp\/v2\/tags?post=84643"}],"curies":[{"name":"wp","href":"https:\/\/api.w.org\/{rel}","templated":true}]}}