{"id":84644,"date":"2020-05-07T13:45:30","date_gmt":"2020-05-07T17:45:30","guid":{"rendered":"https:\/\/linitiative.ca\/International\/depistage-covid-19-les-plaintes-des-techniciens-de-laboratoires\/"},"modified":"2020-05-07T13:45:30","modified_gmt":"2020-05-07T17:45:30","slug":"depistage-covid-19-les-plaintes-des-techniciens-de-laboratoires","status":"publish","type":"post","link":"https:\/\/linitiative.ca\/International\/depistage-covid-19-les-plaintes-des-techniciens-de-laboratoires\/","title":{"rendered":"D\u00e9pistage Covid-19: Les plaintes des techniciens de laboratoires"},"content":{"rendered":"<div class=\"body\">\n<div class=\"field field-name-body field-type-text-with-summary field-label-hidden\">\n<div class=\"field-items\" readability=\"10.5\">\n<div class=\"field-item even\" property=\"content:encoded\" readability=\"16\">\n<p class=\"rtejustify\">L\u2019activit\u00e9 quotidienne dans les 11 laboratoires d\u2019analyses accr\u00e9dit\u00e9s pour d\u00e9tecter le Covid-19 n\u2019est pas toujours comme on pourrait le croire. Selon certains techniciens qui y travaillent, cit\u00e9s par notre confr\u00e8re d\u2019Assabah, ils font face \u00e0 de nombreuses difficult\u00e9s parmi lesquelles les \u00e9chantillons impropres \u00e0 l\u2019analyse. Ils disent ainsi recevoir tous les jours des \u00e9chantillons inutilisables de la part des centres hospitaliers en charge des diagnostics (tubes \u00e0 \u00e9chantillons ouverts, pas de donn\u00e9es autour du cas suspect, pr\u00e9l\u00e8vement mal effectu\u00e9\u2026). Ils sont, dans ces conditions, oblig\u00e9s d\u2019avertir les h\u00f4pitaux pour refaire le pr\u00e9l\u00e8vement des \u00e9chantillons.<br \/><em>M.A.B.<\/em><\/p>\n<\/div>\n<\/div>\n<\/div>\n<\/div>\n<div class=\"eco-conseil\">\n<div class=\"view view-eco-conseil-16 view-id-eco_conseil_16 view-display-id-cookies view-dom-id-b8204b0cf2d5da4c97f7bbae78cecaa7\">\n<div class=\"view-content\">\n<div id=\"views-bootstrap-grid-1\" class=\"views-bootstrap-grid-plugin-style\">\n<div class=\"row\">\n<div class=\" col-xs-12 col-lg-4\">\n<div class=\"row\">\n<div class=\"col col-xs-12 col-lg-12\">\n<div class=\"field-content\"><a href=\"\/article\/1061614-casablanca-du-nouveau-pour-le-grand-theatre\"><img loading=\"lazy\" decoding=\"async\" class=\"img-responsive\" typeof=\"foaf:Image\" src=\"https:\/\/www.leconomiste.com\/sites\/default\/files\/eco7\/public\/styles\/800x400\/public\/default_images\/default_une.jpg?itok=4jZlgnIZ\" width=\"660\" height=\"330\" alt=\"\"\/><\/a><\/div>\n<\/div>\n<div class=\" title_suite_2 col col-xs-12 col-lg-12\"> <a href=\"\/article\/1061614-casablanca-du-nouveau-pour-le-grand-theatre\"\/><span class=\"field-content\">Article 1061614<\/span><\/div>\n<\/div>\n<\/div>\n<div class=\" col-xs-12 col-lg-4\">\n<div class=\"row\">\n<div class=\"col col-xs-12 col-lg-12\">\n<div class=\"field-content\"><a href=\"\/article\/1061613-action-solidaire-de-brand-factory\"><img loading=\"lazy\" decoding=\"async\" class=\"img-responsive\" typeof=\"foaf:Image\" src=\"https:\/\/www.leconomiste.com\/sites\/default\/files\/eco7\/public\/styles\/800x400\/public\/default_images\/default_une.jpg?itok=4jZlgnIZ\" width=\"660\" height=\"330\" alt=\"\"\/><\/a><\/div>\n<\/div>\n<div class=\" title_suite_2 col col-xs-12 col-lg-12\"> <a href=\"\/article\/1061613-action-solidaire-de-brand-factory\"\/><span class=\"field-content\">Action solidaire de Brand Factory <\/span><\/div>\n<\/div>\n<\/div>\n<div class=\" col-xs-12 col-lg-4\">\n<div class=\"row\">\n<div class=\"col col-xs-12 col-lg-12\">\n<div class=\"field-content\"><a href=\"\/article\/1061611-marche-de-capitaux-cdg-capital-lance-une-serie-de-webinars\"><img loading=\"lazy\" decoding=\"async\" class=\"img-responsive\" typeof=\"foaf:Image\" src=\"https:\/\/www.leconomiste.com\/sites\/default\/files\/eco7\/public\/styles\/800x400\/public\/default_images\/default_une.jpg?itok=4jZlgnIZ\" width=\"660\" height=\"330\" alt=\"\"\/><\/a><\/div>\n<\/div>\n<div class=\" title_suite_2 col col-xs-12 col-lg-12\"> <a href=\"\/article\/1061611-marche-de-capitaux-cdg-capital-lance-une-serie-de-webinars\"\/><span class=\"field-content\">March\u00e9 de capitaux: CDG Capital lance une s\u00e9rie de webinars <\/span><\/div>\n<\/div>\n<\/div>\n<\/div>\n<\/div>\n<\/div>\n<\/div>\n<\/div>\n<p>Auteur: hlafriqi<br \/>\n<a href=\"https:\/\/www.leconomiste.com\/article\/1061612-depistage-covid-19-les-plaintes-des-techniciens-de-laboratoires\">Cliquez ici pour lire l&rsquo;article depuis sa source.<\/a><\/p>\n","protected":false},"excerpt":{"rendered":"<p>L\u2019activit\u00e9 quotidienne dans les 11 laboratoires d\u2019analyses accr\u00e9dit\u00e9s pour d\u00e9tecter le Covid-19 n\u2019est pas toujours comme on pourrait le croire. Selon certains techniciens qui y travaillent, cit\u00e9s par notre confr\u00e8re d\u2019Assabah, ils font face \u00e0 de nombreuses difficult\u00e9s parmi lesquelles les \u00e9chantillons impropres \u00e0 l\u2019analyse. Ils disent ainsi recevoir tous les jours des \u00e9chantillons inutilisables [&hellip;]<\/p>\n","protected":false},"author":1763,"featured_media":0,"comment_status":"closed","ping_status":"closed","sticky":false,"template":"","format":"standard","meta":{"fifu_image_url":"","fifu_image_alt":"","footnotes":""},"categories":[78,54],"tags":[],"class_list":["post-84644","post","type-post","status-publish","format-standard","hentry","category-economie","category-maroc"],"_links":{"self":[{"href":"https:\/\/linitiative.ca\/International\/wp-json\/wp\/v2\/posts\/84644","targetHints":{"allow":["GET"]}}],"collection":[{"href":"https:\/\/linitiative.ca\/International\/wp-json\/wp\/v2\/posts"}],"about":[{"href":"https:\/\/linitiative.ca\/International\/wp-json\/wp\/v2\/types\/post"}],"author":[{"embeddable":true,"href":"https:\/\/linitiative.ca\/International\/wp-json\/wp\/v2\/users\/1763"}],"replies":[{"embeddable":true,"href":"https:\/\/linitiative.ca\/International\/wp-json\/wp\/v2\/comments?post=84644"}],"version-history":[{"count":0,"href":"https:\/\/linitiative.ca\/International\/wp-json\/wp\/v2\/posts\/84644\/revisions"}],"wp:attachment":[{"href":"https:\/\/linitiative.ca\/International\/wp-json\/wp\/v2\/media?parent=84644"}],"wp:term":[{"taxonomy":"category","embeddable":true,"href":"https:\/\/linitiative.ca\/International\/wp-json\/wp\/v2\/categories?post=84644"},{"taxonomy":"post_tag","embeddable":true,"href":"https:\/\/linitiative.ca\/International\/wp-json\/wp\/v2\/tags?post=84644"}],"curies":[{"name":"wp","href":"https:\/\/api.w.org\/{rel}","templated":true}]}}