{"id":84645,"date":"2020-05-07T13:46:31","date_gmt":"2020-05-07T17:46:31","guid":{"rendered":"https:\/\/linitiative.ca\/International\/action-solidaire-de-brand-factory\/"},"modified":"2020-05-07T13:46:31","modified_gmt":"2020-05-07T17:46:31","slug":"action-solidaire-de-brand-factory","status":"publish","type":"post","link":"https:\/\/linitiative.ca\/International\/action-solidaire-de-brand-factory\/","title":{"rendered":"Action solidaire de Brand Factory"},"content":{"rendered":"<div class=\"body\">\n<div class=\"field field-name-body field-type-text-with-summary field-label-hidden\">\n<div class=\"field-items\" readability=\"14\">\n<div class=\"field-item even\" property=\"content:encoded\" readability=\"23\">\n<p class=\"rtejustify\">Brand Factory, agence sp\u00e9cialis\u00e9e en RP et communication d\u2019influence a mobilis\u00e9 ses clients et partenaires pour, une op\u00e9ration \u00abFtour du C\u0153ur\u00bb. Cette op\u00e9ration consiste \u00e0 assurer le ftour aux sans-abris et aux n\u00e9cessiteux tout au long du mois sacr\u00e9 de Ramadan, avec l\u2019aide de l\u2019association Bayti et du Samu social. Chaque jour, c\u2019est 100 packs \u00abftour du c\u0153ur\u00bb qui sont offerts. L\u2019op\u00e9ration consiste \u00e0 pr\u00e9parer les packs. Ainsi, le groupe Barcel\u00f3 H\u00f4tels &amp; Resorts met \u00e0 disposition ses cuisines du Barcel\u00f3 Anfa Casablanca et Barcel\u00f3 Palmeraie Marrakech sous la houlette du Chef Hicham pour concocter les repas. Coca-cola, Valencia, les Fromageries Bel et Koutoubia contribuent par des dons en nature, et le sp\u00e9cialiste de la livraison Glovo assurera la distribution dans les villes de Casablanca, Rabat et Marrakech. Les packs sont compos\u00e9s de toutes les denr\u00e9es qui constituent un repas sain et \u00e9quilibr\u00e9 (Soupe, pain, lait, datte, eau min\u00e9rale\u2026). Au total plus de 1.000 ftours seront distribu\u00e9s durant ce mois.<br \/><em>M.A.B.<\/em><\/p>\n<\/div>\n<\/div>\n<\/div>\n<\/div>\n<div class=\"eco-conseil\">\n<div class=\"view view-eco-conseil-16 view-id-eco_conseil_16 view-display-id-cookies view-dom-id-36146406a3a0fa8b1ea20f9e589dd97a\">\n<div class=\"view-content\">\n<div id=\"views-bootstrap-grid-1\" class=\"views-bootstrap-grid-plugin-style\">\n<div class=\"row\">\n<div class=\" col-xs-12 col-lg-4\">\n<div class=\"row\">\n<div class=\"col col-xs-12 col-lg-12\">\n<div class=\"field-content\"><a href=\"\/article\/1061614-casablanca-du-nouveau-pour-le-grand-theatre\"><img loading=\"lazy\" decoding=\"async\" class=\"img-responsive\" typeof=\"foaf:Image\" src=\"https:\/\/www.leconomiste.com\/sites\/default\/files\/eco7\/public\/styles\/800x400\/public\/default_images\/default_une.jpg?itok=4jZlgnIZ\" width=\"660\" height=\"330\" alt=\"\"\/><\/a><\/div>\n<\/div>\n<div class=\" title_suite_2 col col-xs-12 col-lg-12\"> <a href=\"\/article\/1061614-casablanca-du-nouveau-pour-le-grand-theatre\"\/><span class=\"field-content\">Article 1061614<\/span><\/div>\n<\/div>\n<\/div>\n<div class=\" col-xs-12 col-lg-4\">\n<div class=\"row\">\n<div class=\"col col-xs-12 col-lg-12\">\n<div class=\"field-content\"><a href=\"\/article\/1061612-depistage-covid-19-les-plaintes-des-techniciens-de-laboratoires\"><img loading=\"lazy\" decoding=\"async\" class=\"img-responsive\" typeof=\"foaf:Image\" src=\"https:\/\/www.leconomiste.com\/sites\/default\/files\/eco7\/public\/styles\/800x400\/public\/default_images\/default_une.jpg?itok=4jZlgnIZ\" width=\"660\" height=\"330\" alt=\"\"\/><\/a><\/div>\n<\/div>\n<div class=\" title_suite_2 col col-xs-12 col-lg-12\"> <a href=\"\/article\/1061612-depistage-covid-19-les-plaintes-des-techniciens-de-laboratoires\"\/><span class=\"field-content\">D\u00e9pistage Covid-19: Les plaintes des techniciens de laboratoires<\/span><\/div>\n<\/div>\n<\/div>\n<div class=\" col-xs-12 col-lg-4\">\n<div class=\"row\">\n<div class=\"col col-xs-12 col-lg-12\">\n<div class=\"field-content\"><a href=\"\/article\/1061611-marche-de-capitaux-cdg-capital-lance-une-serie-de-webinars\"><img loading=\"lazy\" decoding=\"async\" class=\"img-responsive\" typeof=\"foaf:Image\" src=\"https:\/\/www.leconomiste.com\/sites\/default\/files\/eco7\/public\/styles\/800x400\/public\/default_images\/default_une.jpg?itok=4jZlgnIZ\" width=\"660\" height=\"330\" alt=\"\"\/><\/a><\/div>\n<\/div>\n<div class=\" title_suite_2 col col-xs-12 col-lg-12\"> <a href=\"\/article\/1061611-marche-de-capitaux-cdg-capital-lance-une-serie-de-webinars\"\/><span class=\"field-content\">March\u00e9 de capitaux: CDG Capital lance une s\u00e9rie de webinars <\/span><\/div>\n<\/div>\n<\/div>\n<\/div>\n<\/div>\n<\/div>\n<\/div>\n<\/div>\n<p>Auteur: hlafriqi<br \/>\n<a href=\"https:\/\/www.leconomiste.com\/article\/1061613-action-solidaire-de-brand-factory\">Cliquez ici pour lire l&rsquo;article depuis sa source.<\/a><\/p>\n","protected":false},"excerpt":{"rendered":"<p>Brand Factory, agence sp\u00e9cialis\u00e9e en RP et communication d\u2019influence a mobilis\u00e9 ses clients et partenaires pour, une op\u00e9ration \u00abFtour du C\u0153ur\u00bb. Cette op\u00e9ration consiste \u00e0 assurer le ftour aux sans-abris et aux n\u00e9cessiteux tout au long du mois sacr\u00e9 de Ramadan, avec l\u2019aide de l\u2019association Bayti et du Samu social. Chaque jour, c\u2019est 100 packs [&hellip;]<\/p>\n","protected":false},"author":1763,"featured_media":0,"comment_status":"closed","ping_status":"closed","sticky":false,"template":"","format":"standard","meta":{"fifu_image_url":"","fifu_image_alt":"","footnotes":""},"categories":[78,54],"tags":[],"class_list":["post-84645","post","type-post","status-publish","format-standard","hentry","category-economie","category-maroc"],"_links":{"self":[{"href":"https:\/\/linitiative.ca\/International\/wp-json\/wp\/v2\/posts\/84645","targetHints":{"allow":["GET"]}}],"collection":[{"href":"https:\/\/linitiative.ca\/International\/wp-json\/wp\/v2\/posts"}],"about":[{"href":"https:\/\/linitiative.ca\/International\/wp-json\/wp\/v2\/types\/post"}],"author":[{"embeddable":true,"href":"https:\/\/linitiative.ca\/International\/wp-json\/wp\/v2\/users\/1763"}],"replies":[{"embeddable":true,"href":"https:\/\/linitiative.ca\/International\/wp-json\/wp\/v2\/comments?post=84645"}],"version-history":[{"count":0,"href":"https:\/\/linitiative.ca\/International\/wp-json\/wp\/v2\/posts\/84645\/revisions"}],"wp:attachment":[{"href":"https:\/\/linitiative.ca\/International\/wp-json\/wp\/v2\/media?parent=84645"}],"wp:term":[{"taxonomy":"category","embeddable":true,"href":"https:\/\/linitiative.ca\/International\/wp-json\/wp\/v2\/categories?post=84645"},{"taxonomy":"post_tag","embeddable":true,"href":"https:\/\/linitiative.ca\/International\/wp-json\/wp\/v2\/tags?post=84645"}],"curies":[{"name":"wp","href":"https:\/\/api.w.org\/{rel}","templated":true}]}}