{"id":84646,"date":"2020-05-07T13:48:20","date_gmt":"2020-05-07T17:48:20","guid":{"rendered":"https:\/\/linitiative.ca\/International\/article-1061614\/"},"modified":"2020-05-07T13:48:20","modified_gmt":"2020-05-07T17:48:20","slug":"article-1061614","status":"publish","type":"post","link":"https:\/\/linitiative.ca\/International\/article-1061614\/","title":{"rendered":"Article 1061614"},"content":{"rendered":"<div class=\"body\">\n<div class=\"field field-name-body field-type-text-with-summary field-label-hidden\">\n<div class=\"field-items\" readability=\"9.5\">\n<div class=\"field-item even\" property=\"content:encoded\" readability=\"14\">\n<p class=\"rtejustify\">Est-ce le signe d\u2019une ouverture imminente du Grand-th\u00e9\u00e2tre? Casa-Am\u00e9nagement vient de lancer un appel d\u2019offres relatif \u00e0 la fourniture, et l\u2019installation du mobilier des blocs administratifs de ce building achev\u00e9 depuis plusieurs mois, mais dont la date d\u2019inauguration est toujours inconnue. Co\u00fbt estimatif du mobilier: 1,2 million de DH. Quant \u00e0 la date d\u2019ouverture des plis, elle est fix\u00e9e pour le 28 mai 2020.<br \/><em>A.E. <\/em><\/p>\n<\/div>\n<\/div>\n<\/div>\n<\/div>\n<div class=\"eco-conseil\">\n<div class=\"view view-eco-conseil-16 view-id-eco_conseil_16 view-display-id-cookies view-dom-id-43c0067559d13c65defecbb2249d115c\">\n<div class=\"view-content\">\n<div id=\"views-bootstrap-grid-1\" class=\"views-bootstrap-grid-plugin-style\">\n<div class=\"row\">\n<div class=\" col-xs-12 col-lg-4\">\n<div class=\"row\">\n<div class=\"col col-xs-12 col-lg-12\">\n<div class=\"field-content\"><a href=\"\/article\/1061613-action-solidaire-de-brand-factory\"><img loading=\"lazy\" decoding=\"async\" class=\"img-responsive\" typeof=\"foaf:Image\" src=\"https:\/\/www.leconomiste.com\/sites\/default\/files\/eco7\/public\/styles\/800x400\/public\/default_images\/default_une.jpg?itok=4jZlgnIZ\" width=\"660\" height=\"330\" alt=\"\"\/><\/a><\/div>\n<\/div>\n<div class=\" title_suite_2 col col-xs-12 col-lg-12\"> <a href=\"\/article\/1061613-action-solidaire-de-brand-factory\"\/><span class=\"field-content\">Action solidaire de Brand Factory <\/span><\/div>\n<\/div>\n<\/div>\n<div class=\" col-xs-12 col-lg-4\">\n<div class=\"row\">\n<div class=\"col col-xs-12 col-lg-12\">\n<div class=\"field-content\"><a href=\"\/article\/1061612-depistage-covid-19-les-plaintes-des-techniciens-de-laboratoires\"><img loading=\"lazy\" decoding=\"async\" class=\"img-responsive\" typeof=\"foaf:Image\" src=\"https:\/\/www.leconomiste.com\/sites\/default\/files\/eco7\/public\/styles\/800x400\/public\/default_images\/default_une.jpg?itok=4jZlgnIZ\" width=\"660\" height=\"330\" alt=\"\"\/><\/a><\/div>\n<\/div>\n<div class=\" title_suite_2 col col-xs-12 col-lg-12\"> <a href=\"\/article\/1061612-depistage-covid-19-les-plaintes-des-techniciens-de-laboratoires\"\/><span class=\"field-content\">D\u00e9pistage Covid-19: Les plaintes des techniciens de laboratoires<\/span><\/div>\n<\/div>\n<\/div>\n<div class=\" col-xs-12 col-lg-4\">\n<div class=\"row\">\n<div class=\"col col-xs-12 col-lg-12\">\n<div class=\"field-content\"><a href=\"\/article\/1061611-marche-de-capitaux-cdg-capital-lance-une-serie-de-webinars\"><img loading=\"lazy\" decoding=\"async\" class=\"img-responsive\" typeof=\"foaf:Image\" src=\"https:\/\/www.leconomiste.com\/sites\/default\/files\/eco7\/public\/styles\/800x400\/public\/default_images\/default_une.jpg?itok=4jZlgnIZ\" width=\"660\" height=\"330\" alt=\"\"\/><\/a><\/div>\n<\/div>\n<div class=\" title_suite_2 col col-xs-12 col-lg-12\"> <a href=\"\/article\/1061611-marche-de-capitaux-cdg-capital-lance-une-serie-de-webinars\"\/><span class=\"field-content\">March\u00e9 de capitaux: CDG Capital lance une s\u00e9rie de webinars <\/span><\/div>\n<\/div>\n<\/div>\n<\/div>\n<\/div>\n<\/div>\n<\/div>\n<\/div>\n<p>Auteur: hlafriqi<br \/>\n<a href=\"https:\/\/www.leconomiste.com\/article\/1061614-casablanca-du-nouveau-pour-le-grand-theatre\">Cliquez ici pour lire l&rsquo;article depuis sa source.<\/a><\/p>\n","protected":false},"excerpt":{"rendered":"<p>Est-ce le signe d\u2019une ouverture imminente du Grand-th\u00e9\u00e2tre? Casa-Am\u00e9nagement vient de lancer un appel d\u2019offres relatif \u00e0 la fourniture, et l\u2019installation du mobilier des blocs administratifs de ce building achev\u00e9 depuis plusieurs mois, mais dont la date d\u2019inauguration est toujours inconnue. Co\u00fbt estimatif du mobilier: 1,2 million de DH. Quant \u00e0 la date d\u2019ouverture des [&hellip;]<\/p>\n","protected":false},"author":1763,"featured_media":0,"comment_status":"closed","ping_status":"closed","sticky":false,"template":"","format":"standard","meta":{"fifu_image_url":"","fifu_image_alt":"","footnotes":""},"categories":[78,54],"tags":[],"class_list":["post-84646","post","type-post","status-publish","format-standard","hentry","category-economie","category-maroc"],"_links":{"self":[{"href":"https:\/\/linitiative.ca\/International\/wp-json\/wp\/v2\/posts\/84646","targetHints":{"allow":["GET"]}}],"collection":[{"href":"https:\/\/linitiative.ca\/International\/wp-json\/wp\/v2\/posts"}],"about":[{"href":"https:\/\/linitiative.ca\/International\/wp-json\/wp\/v2\/types\/post"}],"author":[{"embeddable":true,"href":"https:\/\/linitiative.ca\/International\/wp-json\/wp\/v2\/users\/1763"}],"replies":[{"embeddable":true,"href":"https:\/\/linitiative.ca\/International\/wp-json\/wp\/v2\/comments?post=84646"}],"version-history":[{"count":0,"href":"https:\/\/linitiative.ca\/International\/wp-json\/wp\/v2\/posts\/84646\/revisions"}],"wp:attachment":[{"href":"https:\/\/linitiative.ca\/International\/wp-json\/wp\/v2\/media?parent=84646"}],"wp:term":[{"taxonomy":"category","embeddable":true,"href":"https:\/\/linitiative.ca\/International\/wp-json\/wp\/v2\/categories?post=84646"},{"taxonomy":"post_tag","embeddable":true,"href":"https:\/\/linitiative.ca\/International\/wp-json\/wp\/v2\/tags?post=84646"}],"curies":[{"name":"wp","href":"https:\/\/api.w.org\/{rel}","templated":true}]}}