{"id":84647,"date":"2020-05-07T10:00:00","date_gmt":"2020-05-07T14:00:00","guid":{"rendered":"https:\/\/linitiative.ca\/International\/les-dentistes-aux-premieres-lignes-pourtant-les-moins-cites\/"},"modified":"2020-05-07T10:00:00","modified_gmt":"2020-05-07T14:00:00","slug":"les-dentistes-aux-premieres-lignes-pourtant-les-moins-cites","status":"publish","type":"post","link":"https:\/\/linitiative.ca\/International\/les-dentistes-aux-premieres-lignes-pourtant-les-moins-cites\/","title":{"rendered":"Les dentistes aux premi\u00e8res lignes, pourtant les moins cit\u00e9s"},"content":{"rendered":"<p class=\"MsoNoSpacing c5\"><strong class=\"c4\"><em class=\"c3\"><span class=\"c2\">Dans une s\u00e9rie d\u2019article, nous allons mettre en exergue les m\u00e9tiers-profession qui ont repris travail avec le d\u00e9marrage du confinement cibl\u00e9 (4 mai 2020), ayant d\u00e9j\u00e0 cibl\u00e9 les fonctionnaires publics, le secteur des services, les m\u00e9tiers libres ainsi que les commerces hors grandes surfaces, habillement et chaussures. Par ailleurs, le confinement cibl\u00e9 touche \u00e9galement \u00e0 une profession dont les concern\u00e9s sont des porteurs des blouses blanches, des m\u00e9decins dentistes en l\u2019occurrence.<\/span><\/em><\/strong><\/p>\n<p class=\"MsoNoSpacing c5\"><span class=\"c2\">\u00a0<\/span><\/p>\n<p class=\"MsoNoSpacing c5\"><span class=\"c2\">Pourtant concern\u00e9s par le confinement g\u00e9n\u00e9ral, ils sont en premi\u00e8res lignes. Et, c\u2019est suite aux consignes de l\u2019Ordre des m\u00e9decins dentistes que les cabinets sont ferm\u00e9s pour absence de moyens de protection.<span class=\"c6\">\u00a0<\/span> Cette profession conna\u00eet comme tout autre, son retour au travail 4 jours avant. Une reprise assez attendue par cette profession qui conna\u00eet \u00e0 son tour des difficult\u00e9s structurelles auxquelles s\u2019ajoutent, les retomb\u00e9es d\u2019une conjoncture \u00e9conomique p\u00e9nible.<\/span><\/p>\n<p class=\"MsoNoSpacing c5\"><span class=\"c2\">\u00a0<\/span><\/p>\n<p class=\"MsoNoSpacing c5\"><strong class=\"c4\"><span class=\"c7\">Difficult\u00e9s \u00e0 la pelle<\/span><\/strong><\/p>\n<p class=\"MsoNoSpacing c5\"><span class=\"c2\">Rendez-vous donn\u00e9 au Cabinet du Dr Badis G. qui a accept\u00e9 de nous \u00e9voquer son diagnostic de la situation, ses soucis, ainsi que quelques solutions susceptibles de sauver la mise chez nombre de jeunes m\u00e9decins dentistes.<\/span><\/p>\n<p class=\"MsoNoSpacing c5\"><span class=\"c2\">\u00ab C\u2019est l\u2019une des professions les plus vuln\u00e9rable face au Covid-19. Nous faisons partie des professionnels les plus expos\u00e9s au risque de contamination. On travaille avec le visage \u00e0 quelques centim\u00e8tres de ceux de nos patients. Depuis le 19 mars dernier, l\u2019Ordre des m\u00e9decins dentistes a exig\u00e9 la fermeture des cabinets, faute de moyen de protection pour les dentistes \u00bb, explique-t-il. Il pr\u00e9cise encore\u00a0: \u00ab J\u2019ai ainsi, ferm\u00e9 mon cabinet depuis le 17 mars 2020. ET c\u2019est presque, 40 jours apr\u00e8s que j\u2019ai repris mon travail, tout en sachant que j\u2019intervenais souvent dans les cas urgents \u00bb.<\/span><\/p>\n<p class=\"MsoNoSpacing c5\"><span class=\"c2\">\u00ab Certains parmi nous se trouvent oblig\u00e9s de reprendre les activit\u00e9s, surtout avec les difficult\u00e9s financi\u00e8res.<span class=\"c6\">\u00a0<\/span> Autant de charge \u00e0 payer avec un chiffre d\u2019affaires qui a chut\u00e9 de 80% pour nombre de dentistes. Avec les probl\u00e8mes souvent survenus avec la CNAM, l\u2019augmentation brusque des mati\u00e8res consommables, et des produits \u00e0 usage fr\u00e9quent pour le traitement des patients \u00bb, explique le praticien. Il explique encore qu\u2019avec la crise actuelle, des jeunes m\u00e9decins-dentistes se trouvent dans une situation assez d\u00e9licate. Ils sont contraints de fermer leurs cabinets. \u00ab A vrai dire, notre profession, est sinistr\u00e9e avant m\u00eame la propagation de la pand\u00e9mie \u00bb, dit-il.<\/span><\/p>\n<p class=\"MsoNoSpacing c5\"><span class=\"c2\">\u00a0<\/span><\/p>\n<p class=\"MsoNoSpacing c5\"><strong class=\"c4\"><span class=\"c7\">Les pr\u00e9cautions, mais \u00e0 quel prix ?<\/span><\/strong><\/p>\n<p class=\"MsoNoSpacing c5\"><span class=\"c2\">Tout patient est un porteur potentiel du virus. Une r\u00e8gle qui pousse tout dentiste, normalement, \u00e0 prendre plus de pr\u00e9caution lors du traitement de son patient. Dr G., nous parle d\u2019un protocole qu\u2019il a mis en place pour assurer sa protection ainsi que la protection de son patient.<\/span><\/p>\n<p class=\"MsoNoSpacing c5\"><span class=\"c2\">Un rendez-vous est accord\u00e9 toutes les 2 heures. Une heure pour traiter le patient et une autre pour d\u00e9sinfecter et st\u00e9riliser le mat\u00e9riel, changer la blouse, le masque, les gants. Notre interlocuteur, explique que chaque consultation engendre un co\u00fbt suppl\u00e9mentaire \u00e0 supporter. Entre autres, les moyens de protections exig\u00e9s (blouse \u00e0 usage unique pour chaque patient, masque ffp2, visi\u00e8re, \u2026) qui co\u00fbtent au minimum 30 dinars, Cette facture suppl\u00e9mentaire est surtout \u00e0 la charge du cabinet. Et ce n\u2019est pas tout. Ces jeunes m\u00e9decins-dentistes se trouvent \u00e9galement oblig\u00e9s de payer leurs dettes bancaires, contrairement \u00e0 ce qui a \u00e9t\u00e9 annonc\u00e9 par l\u2019autorit\u00e9 mon\u00e9taire du pays, (la BCT en l\u2019occurrence) et les banques qui ont annonc\u00e9 le report des paiements des dettes bancaires ainsi que l\u2019octroi d\u2019autres facilit\u00e9s, alors que la r\u00e9alit\u00e9 est tout autre. Les banques de la place demeurent fid\u00e8les \u00e0 leurs vocations : tirer profit en p\u00e9riode de crises au d\u00e9triment des autres.<\/span><\/p>\n<p class=\"MsoNoSpacing c8\"><strong class=\"c4\"><span class=\"c7\">Zied DABBAR<\/span><\/strong><\/p>\n<p>Auteur: letemps1<br \/>\n<a href=\"http:\/\/www.letemps.com.tn\/article\/113592\/les-dentistes-aux-premi%C3%A8res-lignes-pourtant-les-moins-cit%C3%A9s\">Cliquez ici pour lire l&rsquo;article depuis sa source.<\/a><\/p>\n","protected":false},"excerpt":{"rendered":"<p>Dans une s\u00e9rie d\u2019article, nous allons mettre en exergue les m\u00e9tiers-profession qui ont repris travail avec le d\u00e9marrage du confinement cibl\u00e9 (4 mai 2020), ayant d\u00e9j\u00e0 cibl\u00e9 les fonctionnaires publics, le secteur des services, les m\u00e9tiers libres ainsi que les commerces hors grandes surfaces, habillement et chaussures. Par ailleurs, le confinement cibl\u00e9 touche \u00e9galement \u00e0 [&hellip;]<\/p>\n","protected":false},"author":1773,"featured_media":0,"comment_status":"closed","ping_status":"closed","sticky":false,"template":"","format":"standard","meta":{"fifu_image_url":"","fifu_image_alt":"","footnotes":""},"categories":[73,55],"tags":[],"class_list":["post-84647","post","type-post","status-publish","format-standard","hentry","category-actualite","category-tunisie"],"_links":{"self":[{"href":"https:\/\/linitiative.ca\/International\/wp-json\/wp\/v2\/posts\/84647","targetHints":{"allow":["GET"]}}],"collection":[{"href":"https:\/\/linitiative.ca\/International\/wp-json\/wp\/v2\/posts"}],"about":[{"href":"https:\/\/linitiative.ca\/International\/wp-json\/wp\/v2\/types\/post"}],"author":[{"embeddable":true,"href":"https:\/\/linitiative.ca\/International\/wp-json\/wp\/v2\/users\/1773"}],"replies":[{"embeddable":true,"href":"https:\/\/linitiative.ca\/International\/wp-json\/wp\/v2\/comments?post=84647"}],"version-history":[{"count":0,"href":"https:\/\/linitiative.ca\/International\/wp-json\/wp\/v2\/posts\/84647\/revisions"}],"wp:attachment":[{"href":"https:\/\/linitiative.ca\/International\/wp-json\/wp\/v2\/media?parent=84647"}],"wp:term":[{"taxonomy":"category","embeddable":true,"href":"https:\/\/linitiative.ca\/International\/wp-json\/wp\/v2\/categories?post=84647"},{"taxonomy":"post_tag","embeddable":true,"href":"https:\/\/linitiative.ca\/International\/wp-json\/wp\/v2\/tags?post=84647"}],"curies":[{"name":"wp","href":"https:\/\/api.w.org\/{rel}","templated":true}]}}