{"id":84648,"date":"2020-05-07T10:00:00","date_gmt":"2020-05-07T14:00:00","guid":{"rendered":"https:\/\/linitiative.ca\/International\/ils-ont-dit\/"},"modified":"2020-05-07T10:00:00","modified_gmt":"2020-05-07T14:00:00","slug":"ils-ont-dit","status":"publish","type":"post","link":"https:\/\/linitiative.ca\/International\/ils-ont-dit\/","title":{"rendered":"Ils ont dit"},"content":{"rendered":"<p class=\"c5\"><span class=\"c4\">\u00ab\u00a0Il est important de prendre une position sans \u00e9quivoque vis \u00e0 vis du dossier libyen alors que les dispositions de l\u2019article 141 du r\u00e8glement int\u00e9rieur de l\u2019Assembl\u00e9e des repr\u00e9sentants du Peuple autorisaient le pr\u00e9sident d\u2019un bloc parlementaire \u00e0 soumettre une demande obligeant le Parlement \u00e0 s\u2019exprimer sur la question, de par le r\u00f4le que joue la Tunisie dans le maintien de la paix dans la r\u00e9gion du Maghreb, en particulier.\u00a0<em><span class=\"c2\">Ce qu\u2019entend faire le pr\u00e9sident du Parlement, ne doit aucunement passer par le Parlement. Il ne doit pas devenir le bras de Ghannouchi pour que ce dernier puisse appliquer sa propre politique<\/span><\/em><em>\u00a0vu les<\/em> <em><span class=\"c3\">relations douteuses<\/span><\/em>\u00a0du pr\u00e9sident du Parlement tunisien avec son fid\u00e8le disciple turc et les deux accords qu\u2019il souhaitait faire passer en urgence au vote. Egalement, les d\u00e9put\u00e9s doivent prendre leurs responsabilit\u00e9s et voter le projet de motion afin d\u2019adopter une position unifi\u00e9e \u00bb.<\/span><\/p>\n<p class=\"MsoNormal c10\"><strong><span class=\"c6\">Abir Moussi<\/span><\/strong> <strong><span class=\"c7\">(<\/span><\/strong><strong><span class=\"c8\">Pr\u00e9sidente du Parti destourien libre-PDL<\/span><\/strong><strong><span class=\"c9\">)<\/span><\/strong><\/p>\n<p class=\"c12\"><span class=\"c11\">\u00a0<\/span><\/p>\n<p class=\"c12\"><span class=\"c11\">\u00ab\u00a0<\/span><span class=\"c13\">Le fait que le gouvernement s\u2019appuie sur l\u2019invitation de la f\u00e9d\u00e9ration \u00e0 faire un don d\u2019une journ\u00e9e de travail, pour ensuite exploiter cette invitation dans des retenues abusives sur les salaires des fonctionnaires et des travailleurs, ne peut en aucun cas \u00eatre consid\u00e9r\u00e9 comme un acte de solidarit\u00e9 comme nous le voulions. Nous ne pensions pas que les salari\u00e9s allaient devenir la seule victime de retenues injustes et injustifi\u00e9es. La patience des ouvriers a des limites. Nous ne sommes pas des sapeurs-pompiers pour assumer la responsabilit\u00e9 de chaque incendie. Nous ne sommes pas non plus des faire-valoir pour voir chacun exp\u00e9rimenter ses politiques \u00e0 nos d\u00e9pens et nous mettre de la sorte devant le fait accompli. L\u2019UGTT sait \u00eatre une force de proposition, mais aussi de protestation. Nous ne nous tairons pas face au pr\u00e9judice caus\u00e9 aux travailleurs ni face \u00e0 toute alt\u00e9ration de leurs droits et destin\u00a0\u00bb.<\/span><\/p>\n<p class=\"MsoNormal c18\"><strong><span class=\"c14\">Noureddine Taboubi<\/span><\/strong> <strong><span class=\"c15\">(<\/span><\/strong><strong><span class=\"c16\">Secr\u00e9taire g\u00e9n\u00e9ral de l\u2019UGTT<\/span><\/strong><strong><span class=\"c17\">)<\/span><\/strong><\/p>\n<p class=\"c5\"><span class=\"c19\">\u00a0<\/span><\/p>\n<p class=\"c5\"><span class=\"c19\">\u00ab\u00a0<\/span><em><span class=\"c20\">Laissez Emna Chargui tranquille\u00a0! Ne nous renvoyez pas au carr\u00e9 du takfirsme et des restrictions de la libert\u00e9 de conscience<\/span><\/em><em><span class=\"c4\">\u00a0<\/span><\/em><span class=\"c23\">sachant que la parodie est un style litt\u00e9raire.\u00a0La jeune internaute a \u00e9t\u00e9 convoqu\u00e9e par le Parquet apr\u00e8s avoir publi\u00e9 sur Facebook une sourate coranique d\u00e9tourn\u00e9e.\u00a0Selon l&rsquo;article 6 de la Constitution tunisienne, l<em><span class=\"c21\">\u2019\u00c9tat prot\u00e8ge la religion, garantit la libert\u00e9 de croyance, de conscience et de l\u2019exercice des cultes. Il assure la neutralit\u00e9 des mosqu\u00e9es et des lieux de culte de l\u2019exploitation partisane<\/span><\/em><em><span class=\"c22\">.<\/span><\/em> <em><span class=\"c21\">L\u2019\u00c9tat s\u2019engage \u00e0 diffuser les valeurs de mod\u00e9ration et de tol\u00e9rance et \u00e0 prot\u00e9ger le sacr\u00e9 et emp\u00eacher qu\u2019on y porte atteinte. Il s\u2019engage \u00e9galement \u00e0 prohiber et emp\u00eacher les accusations d\u2019apostasie, ainsi que l\u2019incitation \u00e0 la haine et \u00e0 la violence et \u00e0 les juguler<\/span><\/em><em><span class=\"c22\">\u00a0<\/span><\/em>\u00bb.<\/span><\/p>\n<p class=\"MsoNormal c28\"><strong><span class=\"c24\">\u00a0<\/span><\/strong><strong><span class=\"c25\">\u00a0<\/span><\/strong><strong><span class=\"c26\">Sa\u00efda Garrach<\/span><\/strong> <strong><span class=\"c15\">(<\/span><\/strong><strong><span class=\"c26\">Ancienne porte-parole de la pr\u00e9sidence de la R\u00e9publique tunisienne<\/span><\/strong><strong><span class=\"c27\">)<\/span><\/strong><\/p>\n<p class=\"p1 c29\"><span class=\"c19\">\u00a0<\/span><\/p>\n<p class=\"p1 c29\"><span class=\"c19\">\u00ab<\/span> <span class=\"c30\">La\u00a0pand\u00e9mie de Covid-19\u00a0a entra\u00een\u00e9 une accumulation d\u2019un\u00a0stock invendu,\u00a0chez les artisans, estim\u00e9 \u00e0 40\u00a0millions de dinars.<\/span><\/p>\n<p class=\"MsoNormal c35\"><span class=\"c31\">Cette masse de\u00a0produits invendus\u00a0est due \u00e0 l\u2019annulation de pr\u00e8s de\u00a050 salons\u00a0durant les mois de mars et d\u2019avril, p\u00e9riode durant laquelle, les ventes connaissent un\u00a0pic important.<\/span> <span class=\"c34\"><span class=\"c32\">Par cons\u00e9quent, il est plus que jamais imp\u00e9ratif de d\u00e9velopper les\u00a0plateformes \u00e9lectroniques\u00a0afin d\u2019aider les artisans \u00e0 liquider leurs produits.<\/span> <span class=\"c33\">Par ailleurs, l\u2019ONAT\u00a0\u0153uvre actuellement en collaboration avec la\u00a0Banque Tunisienne de Solidarit\u00e9\u00a0(BTS) afin d\u2019accorder aux artisans des\u00a0cr\u00e9dits compl\u00e9mentaires\u00a0afin de les aider \u00e0 faire face \u00e0 cette crise. A noter aussi que depuis son d\u00e9clenchement, la\u00a0pand\u00e9mie de Covid-19\u00a0a priv\u00e9 environ\u00a0350 mille artisans\u00a0de leurs emplois et contraint plus de\u00a0800 entreprises\u00a0exer\u00e7ant dans le secteur \u00e0 suspendre leurs activit\u00e9s<\/span><\/span> <span class=\"c17\">\u00bb.<\/span><\/p>\n<p class=\"p4 c40\"><strong><span class=\"c36\">Faouzi Ben Halima<\/span><\/strong> <strong><span class=\"c37\">(<\/span><\/strong><strong><span class=\"c38\">Directeur g\u00e9n\u00e9ral de l\u2019Office National de l\u2019Artisanat<\/span><\/strong><strong><span class=\"c39\">)<\/span><\/strong><\/p>\n<p>Auteur: letemps1<br \/>\n<a href=\"http:\/\/www.letemps.com.tn\/article\/113593\/ils-ont-dit\">Cliquez ici pour lire l&rsquo;article depuis sa source.<\/a><\/p>\n","protected":false},"excerpt":{"rendered":"<p>\u00ab\u00a0Il est important de prendre une position sans \u00e9quivoque vis \u00e0 vis du dossier libyen alors que les dispositions de l\u2019article 141 du r\u00e8glement int\u00e9rieur de l\u2019Assembl\u00e9e des repr\u00e9sentants du Peuple autorisaient le pr\u00e9sident d\u2019un bloc parlementaire \u00e0 soumettre une demande obligeant le Parlement \u00e0 s\u2019exprimer sur la question, de par le r\u00f4le que joue [&hellip;]<\/p>\n","protected":false},"author":1773,"featured_media":0,"comment_status":"closed","ping_status":"closed","sticky":false,"template":"","format":"standard","meta":{"fifu_image_url":"","fifu_image_alt":"","footnotes":""},"categories":[73,55],"tags":[],"class_list":["post-84648","post","type-post","status-publish","format-standard","hentry","category-actualite","category-tunisie"],"_links":{"self":[{"href":"https:\/\/linitiative.ca\/International\/wp-json\/wp\/v2\/posts\/84648","targetHints":{"allow":["GET"]}}],"collection":[{"href":"https:\/\/linitiative.ca\/International\/wp-json\/wp\/v2\/posts"}],"about":[{"href":"https:\/\/linitiative.ca\/International\/wp-json\/wp\/v2\/types\/post"}],"author":[{"embeddable":true,"href":"https:\/\/linitiative.ca\/International\/wp-json\/wp\/v2\/users\/1773"}],"replies":[{"embeddable":true,"href":"https:\/\/linitiative.ca\/International\/wp-json\/wp\/v2\/comments?post=84648"}],"version-history":[{"count":0,"href":"https:\/\/linitiative.ca\/International\/wp-json\/wp\/v2\/posts\/84648\/revisions"}],"wp:attachment":[{"href":"https:\/\/linitiative.ca\/International\/wp-json\/wp\/v2\/media?parent=84648"}],"wp:term":[{"taxonomy":"category","embeddable":true,"href":"https:\/\/linitiative.ca\/International\/wp-json\/wp\/v2\/categories?post=84648"},{"taxonomy":"post_tag","embeddable":true,"href":"https:\/\/linitiative.ca\/International\/wp-json\/wp\/v2\/tags?post=84648"}],"curies":[{"name":"wp","href":"https:\/\/api.w.org\/{rel}","templated":true}]}}