{"id":84649,"date":"2020-05-07T10:00:00","date_gmt":"2020-05-07T14:00:00","guid":{"rendered":"https:\/\/linitiative.ca\/International\/lair-conditionne-favoriserait-la-propagation-du-covid-19\/"},"modified":"2020-05-07T10:00:00","modified_gmt":"2020-05-07T14:00:00","slug":"lair-conditionne-favoriserait-la-propagation-du-covid-19","status":"publish","type":"post","link":"https:\/\/linitiative.ca\/International\/lair-conditionne-favoriserait-la-propagation-du-covid-19\/","title":{"rendered":"L&rsquo;air conditionn\u00e9 favoriserait la propagation du Covid-19"},"content":{"rendered":"<p class=\"MsoNoSpacing c3\"><span class=\"c2\">Il est fort probable que la climatisation favorise la propagation du Covid-19, notamment dans les espaces clos et encombr\u00e9s, surtout que les virus, qui partagent les m\u00eames caract\u00e9ristiques que le nouveau coronavirus, se propagent rapidement lors de l&rsquo;utilisation de l&rsquo;air conditionn\u00e9, a d\u00e9clar\u00e9 le Professeur en virologie \u00e0 la Facult\u00e9 de Pharmacie de Monastir, Mahjoub El Ouni.<\/span><\/p>\n<p class=\"MsoNoSpacing c3\"><span class=\"c2\">Le virologue a mis l&rsquo;accent sur la n\u00e9cessit\u00e9 d&rsquo;observer la plus grande vigilance \u00e9tant donn\u00e9 que la plupart des espaces publics utilisent les climatiseurs, notamment pendant les p\u00e9riodes de haute temp\u00e9rature. Il a ajout\u00e9 que \u00ab\u00a0des temp\u00e9ratures \u00e9lev\u00e9es peuvent affaiblir le virus et limiter sa propagation\u00a0\u00bb.<\/span><\/p>\n<p class=\"MsoNoSpacing c3\"><span class=\"c2\">D&rsquo;apr\u00e8s le Professeur El Ouni, plusieurs \u00e9tudes ont r\u00e9v\u00e9l\u00e9 que les virus, de la m\u00eame famille que le Covid-19, se propagent vite lors de l&rsquo;utilisation des climatiseurs. L&rsquo;air conditionn\u00e9 circule dans l&rsquo;espace et par cons\u00e9quent les petites particules du virus se r\u00e9pandent tr\u00e8s vite et la distanciation physique d&rsquo;un m\u00e8tre ne sera plus efficace, a-t-il expliqu\u00e9.<\/span><\/p>\n<p class=\"MsoNoSpacing c3\"><span class=\"c2\">Cependant, \u00e0 l&rsquo;heure actuelle, aucune \u00e9tude n&rsquo;a prouv\u00e9 de mani\u00e8re fiable que l&rsquo;air conditionn\u00e9 favorise la propagation de Covid-19, a-t-il encore pr\u00e9cis\u00e9.<\/span><\/p>\n<p class=\"MsoNoSpacing c3\"><span class=\"c2\">Il a affirm\u00e9 que les temp\u00e9ratures de plus de 30 degr\u00e9s ne \u00ab\u00a0tuent pas le virus\u00a0\u00bb, mais l&rsquo;affaiblissent et r\u00e9duisent sa propagation. \u00ab\u00a0Les fortes temp\u00e9ratures affectent sa membrane lipidique protectrice et limitent sa propagation\u00a0\u00bb.<\/span><\/p>\n<p>Auteur: letemps1<br \/>\n<a href=\"http:\/\/www.letemps.com.tn\/article\/113594\/lair-conditionn%C3%A9-favoriserait-la-propagation-du-covid-19\">Cliquez ici pour lire l&rsquo;article depuis sa source.<\/a><\/p>\n","protected":false},"excerpt":{"rendered":"<p>Il est fort probable que la climatisation favorise la propagation du Covid-19, notamment dans les espaces clos et encombr\u00e9s, surtout que les virus, qui partagent les m\u00eames caract\u00e9ristiques que le nouveau coronavirus, se propagent rapidement lors de l&rsquo;utilisation de l&rsquo;air conditionn\u00e9, a d\u00e9clar\u00e9 le Professeur en virologie \u00e0 la Facult\u00e9 de Pharmacie de Monastir, Mahjoub [&hellip;]<\/p>\n","protected":false},"author":1773,"featured_media":0,"comment_status":"closed","ping_status":"closed","sticky":false,"template":"","format":"standard","meta":{"fifu_image_url":"","fifu_image_alt":"","footnotes":""},"categories":[73,55],"tags":[],"class_list":["post-84649","post","type-post","status-publish","format-standard","hentry","category-actualite","category-tunisie"],"_links":{"self":[{"href":"https:\/\/linitiative.ca\/International\/wp-json\/wp\/v2\/posts\/84649","targetHints":{"allow":["GET"]}}],"collection":[{"href":"https:\/\/linitiative.ca\/International\/wp-json\/wp\/v2\/posts"}],"about":[{"href":"https:\/\/linitiative.ca\/International\/wp-json\/wp\/v2\/types\/post"}],"author":[{"embeddable":true,"href":"https:\/\/linitiative.ca\/International\/wp-json\/wp\/v2\/users\/1773"}],"replies":[{"embeddable":true,"href":"https:\/\/linitiative.ca\/International\/wp-json\/wp\/v2\/comments?post=84649"}],"version-history":[{"count":0,"href":"https:\/\/linitiative.ca\/International\/wp-json\/wp\/v2\/posts\/84649\/revisions"}],"wp:attachment":[{"href":"https:\/\/linitiative.ca\/International\/wp-json\/wp\/v2\/media?parent=84649"}],"wp:term":[{"taxonomy":"category","embeddable":true,"href":"https:\/\/linitiative.ca\/International\/wp-json\/wp\/v2\/categories?post=84649"},{"taxonomy":"post_tag","embeddable":true,"href":"https:\/\/linitiative.ca\/International\/wp-json\/wp\/v2\/tags?post=84649"}],"curies":[{"name":"wp","href":"https:\/\/api.w.org\/{rel}","templated":true}]}}