{"id":84651,"date":"2020-05-07T15:03:23","date_gmt":"2020-05-07T19:03:23","guid":{"rendered":"https:\/\/linitiative.ca\/International\/pas-question-de-baisser-les-bras\/"},"modified":"2020-05-07T15:03:23","modified_gmt":"2020-05-07T19:03:23","slug":"pas-question-de-baisser-les-bras","status":"publish","type":"post","link":"https:\/\/linitiative.ca\/International\/pas-question-de-baisser-les-bras\/","title":{"rendered":"Pas question de baisser les bras"},"content":{"rendered":"<p class=\"c2\"><strong>Par Faouzi SNOUSSI<\/strong><\/p>\n<p>Il est devenu clair que les pouvoirs publics, dans leur forme et composition actuelle sont sur la d\u00e9fensive et accul\u00e9s par l\u2019incomp\u00e9tence, c\u2019est pourquoi ils se rabattent sur les m\u00e9dias qu\u2019ils consid\u00e8rent comme la premi\u00e8re source de leurs ennuis. Accul\u00e9s financi\u00e8rement, sans perspectives d\u2019avenir clair, dans un climat politique trouble, la presse poursuit, vaille qui peut, sa noble mission tout en d\u00e9non\u00e7ant toutes les interf\u00e9rences et les tentatives pour la museler.<br \/>Les menaces commencent \u00e0 se multiplier contre la libert\u00e9 d\u2019expression, surtout que les appels \u00e0 la chute du gouvernement et que les critiques contre les agissements du chef du parti islamiste Ennahdha commencent \u00e0 fuser de partout. Ces signes de malaises ne peuvent en aucun cas tranquilliser les citoyens, en cette p\u00e9riode de pand\u00e9mie de Covid-19, pr\u00e9c\u00e9d\u00e9e et, aussi, accompagn\u00e9e par un marasme \u00e9conomique des plus inqui\u00e9tants.<br \/>Profitant de cette crise qui accapare l\u2019attention de tout le pays, certaines parties malintentionn\u00e9es veulent instaurer une dictature, en se basant sur des pr\u00e9textes fallacieux, dans le but de museler la presse, les m\u00e9dias et toutes les critiques possibles.<br \/>Des politiciens n\u2019ont pas trouv\u00e9 mieux que de passer aux menaces, dans une tentative pour calmer le jeu. Mais, il est visible que ce n\u2019est pas ce qui va dissuader les m\u00e9dias de faire leur devoir et le citoyen de s\u2019exprimer librement. Cette libert\u00e9 d\u2019expression a \u00e9t\u00e9 acquise aux forceps, apr\u00e8s des ann\u00e9es de militantisme et de batailles contre les anciens r\u00e9gimes autocratiques et ce n\u2019est pas, aujourd\u2019hui, qu\u2019on va baisser les bras. Et il n\u2019est pas question de laisser le champ libre \u00e0 des esprits malsains qui ne cherchent qu\u2019\u00e0 instaurer leur h\u00e9g\u00e9monie et de museler ceux qui prot\u00e8gent la soci\u00e9t\u00e9 contre des agissements et des personnes qui veulent profiter d\u2019une certaine conjoncture, afin de faire ce qu\u2019elles veulent, sous couvert d\u2019une immunit\u00e9 ou d\u2019un haut poste qui leur \u00e9pargne toute poursuite, m\u00eame si elles sont dans l\u2019ill\u00e9galit\u00e9.<br \/>Les gens honn\u00eates n\u2019ont pas peur des critiques, parce qu\u2019elles les aident \u00e0 se corriger et d\u2019am\u00e9liorer leur rendement au service de la communaut\u00e9 nationale. Seuls en ont peur ceux qui savent qu\u2019ils sont dans le faux et qui veulent pers\u00e9v\u00e9rer sur la m\u00eame voie, pour des profits personnels ou partisans mesquins. Mais, la presse qui a \u00e9t\u00e9 de tous temps aux premiers rangs, ainsi que les patriotes ne laisseront pas le champ libre aux d\u00e9viances.<\/p>\n<p>Auteur: letemps1<br \/>\n<a href=\"http:\/\/www.letemps.com.tn\/article\/113626\/pas-question-de-baisser-les-bras\">Cliquez ici pour lire l&rsquo;article depuis sa source.<\/a><\/p>\n","protected":false},"excerpt":{"rendered":"<p>Par Faouzi SNOUSSI Il est devenu clair que les pouvoirs publics, dans leur forme et composition actuelle sont sur la d\u00e9fensive et accul\u00e9s par l\u2019incomp\u00e9tence, c\u2019est pourquoi ils se rabattent sur les m\u00e9dias qu\u2019ils consid\u00e8rent comme la premi\u00e8re source de leurs ennuis. Accul\u00e9s financi\u00e8rement, sans perspectives d\u2019avenir clair, dans un climat politique trouble, la presse [&hellip;]<\/p>\n","protected":false},"author":1773,"featured_media":0,"comment_status":"closed","ping_status":"closed","sticky":false,"template":"","format":"standard","meta":{"fifu_image_url":"","fifu_image_alt":"","footnotes":""},"categories":[73,55],"tags":[],"class_list":["post-84651","post","type-post","status-publish","format-standard","hentry","category-actualite","category-tunisie"],"_links":{"self":[{"href":"https:\/\/linitiative.ca\/International\/wp-json\/wp\/v2\/posts\/84651","targetHints":{"allow":["GET"]}}],"collection":[{"href":"https:\/\/linitiative.ca\/International\/wp-json\/wp\/v2\/posts"}],"about":[{"href":"https:\/\/linitiative.ca\/International\/wp-json\/wp\/v2\/types\/post"}],"author":[{"embeddable":true,"href":"https:\/\/linitiative.ca\/International\/wp-json\/wp\/v2\/users\/1773"}],"replies":[{"embeddable":true,"href":"https:\/\/linitiative.ca\/International\/wp-json\/wp\/v2\/comments?post=84651"}],"version-history":[{"count":0,"href":"https:\/\/linitiative.ca\/International\/wp-json\/wp\/v2\/posts\/84651\/revisions"}],"wp:attachment":[{"href":"https:\/\/linitiative.ca\/International\/wp-json\/wp\/v2\/media?parent=84651"}],"wp:term":[{"taxonomy":"category","embeddable":true,"href":"https:\/\/linitiative.ca\/International\/wp-json\/wp\/v2\/categories?post=84651"},{"taxonomy":"post_tag","embeddable":true,"href":"https:\/\/linitiative.ca\/International\/wp-json\/wp\/v2\/tags?post=84651"}],"curies":[{"name":"wp","href":"https:\/\/api.w.org\/{rel}","templated":true}]}}