{"id":84652,"date":"2020-05-07T15:13:25","date_gmt":"2020-05-07T19:13:25","guid":{"rendered":"https:\/\/linitiative.ca\/International\/international-allemagne-la-reprise-officiellement-le-16-mai\/"},"modified":"2020-05-07T15:13:25","modified_gmt":"2020-05-07T19:13:25","slug":"international-allemagne-la-reprise-officiellement-le-16-mai","status":"publish","type":"post","link":"https:\/\/linitiative.ca\/International\/international-allemagne-la-reprise-officiellement-le-16-mai\/","title":{"rendered":"International : Allemagne: la reprise officiellement le 16 mai"},"content":{"rendered":"<div readability=\"32\">\n<p>Auteur : <span class=\"time\">jeudi 07 mai 2020 14:14<\/span><\/p>\n<\/div>\n<div id=\"post_core\" readability=\"41\">\n<p>Comme pr\u00e9vu apr\u00e8s le feu vert mercredi de la chanceli\u00e8re allemande Angela Merkel, la Bundesliga, interrompue le 13 mars dernier en raison de l&rsquo;\u00e9pid\u00e9mie du coronavirus, va reprendre. Ce jeudi, \u00e0 l&rsquo;occasion d&rsquo;une assembl\u00e9e extraordinaire de la Ligue allemande, tous les clubs ont opt\u00e9 pour le samedi 16 mai concernant la reprise des comp\u00e9titions. Pour rappel, tous les matchs vont bien \u00e9videmment se d\u00e9rouler \u00e0 huis clos rapporte Maxifoot.fr.<\/p>\n<p><strong>Publi\u00e9 dans :<\/strong> <span>Allemagne<\/span><\/p>\n<\/div>\n<p>Auteur:<br \/>\n<a href=\"http:\/\/www.lebuteur.com\/article\/detail?titre=allemagne-la-reprise-officiellement-le-16-mai&#038;id=95862&#038;utm_source=feedburner&#038;utm_medium=feed&#038;utm_campaign=Feed%3A+GalerieFArtciles+%28Les+derniers+articles++-+lebuteur.com%29\">Cliquez ici pour lire l&rsquo;article depuis sa source.<\/a><\/p>\n","protected":false},"excerpt":{"rendered":"<p>Auteur : jeudi 07 mai 2020 14:14 Comme pr\u00e9vu apr\u00e8s le feu vert mercredi de la chanceli\u00e8re allemande Angela Merkel, la Bundesliga, interrompue le 13 mars dernier en raison de l&rsquo;\u00e9pid\u00e9mie du coronavirus, va reprendre. Ce jeudi, \u00e0 l&rsquo;occasion d&rsquo;une assembl\u00e9e extraordinaire de la Ligue allemande, tous les clubs ont opt\u00e9 pour le samedi 16 [&hellip;]<\/p>\n","protected":false},"author":1738,"featured_media":84653,"comment_status":"closed","ping_status":"closed","sticky":false,"template":"","format":"standard","meta":{"fifu_image_url":"","fifu_image_alt":"","footnotes":""},"categories":[53,75],"tags":[],"class_list":["post-84652","post","type-post","status-publish","format-standard","has-post-thumbnail","hentry","category-algerie","category-sport"],"_links":{"self":[{"href":"https:\/\/linitiative.ca\/International\/wp-json\/wp\/v2\/posts\/84652","targetHints":{"allow":["GET"]}}],"collection":[{"href":"https:\/\/linitiative.ca\/International\/wp-json\/wp\/v2\/posts"}],"about":[{"href":"https:\/\/linitiative.ca\/International\/wp-json\/wp\/v2\/types\/post"}],"author":[{"embeddable":true,"href":"https:\/\/linitiative.ca\/International\/wp-json\/wp\/v2\/users\/1738"}],"replies":[{"embeddable":true,"href":"https:\/\/linitiative.ca\/International\/wp-json\/wp\/v2\/comments?post=84652"}],"version-history":[{"count":0,"href":"https:\/\/linitiative.ca\/International\/wp-json\/wp\/v2\/posts\/84652\/revisions"}],"wp:featuredmedia":[{"embeddable":true,"href":"https:\/\/linitiative.ca\/International\/wp-json\/"}],"wp:attachment":[{"href":"https:\/\/linitiative.ca\/International\/wp-json\/wp\/v2\/media?parent=84652"}],"wp:term":[{"taxonomy":"category","embeddable":true,"href":"https:\/\/linitiative.ca\/International\/wp-json\/wp\/v2\/categories?post=84652"},{"taxonomy":"post_tag","embeddable":true,"href":"https:\/\/linitiative.ca\/International\/wp-json\/wp\/v2\/tags?post=84652"}],"curies":[{"name":"wp","href":"https:\/\/api.w.org\/{rel}","templated":true}]}}