{"id":84656,"date":"2020-05-07T15:13:29","date_gmt":"2020-05-07T19:13:29","guid":{"rendered":"https:\/\/linitiative.ca\/International\/international-farid-el-melali-presente-ses-excuses\/"},"modified":"2020-05-07T15:13:29","modified_gmt":"2020-05-07T19:13:29","slug":"international-farid-el-melali-presente-ses-excuses","status":"publish","type":"post","link":"https:\/\/linitiative.ca\/International\/international-farid-el-melali-presente-ses-excuses\/","title":{"rendered":"International : Farid El Melali pr\u00e9sente ses excuses"},"content":{"rendered":"<div readability=\"32\">\n<p>Auteur : <span class=\"time\">jeudi 07 mai 2020 14:45<\/span><\/p>\n<\/div>\n<div id=\"post_core\" readability=\"46\">\n<p>Apr\u00e8s avoir fait l&rsquo;objet d&rsquo;un d\u00e9p\u00f4t de plainte pour exhibitionnisme, pour des actes commis lundi soir, l\u2019attaquant alg\u00e9rien d&rsquo;Angers Farid El Melali a publi\u00e9 un message d&rsquo;excuses sur son compte Instagram: \u00abCes derniers jours, j\u2019ai v\u00e9cu une p\u00e9riode tr\u00e8s compliqu\u00e9e, que ce soit moralement ou physiquement. Faire face aux critiques et aux jugements est difficile. Je comprends l\u2019acharnement des personnes qui ont re\u00e7u \u00ab l\u2019information \u00bb car nul ne peut tol\u00e9rer ce genre d\u2019actes, mais \u00abtous les fils d\u2019Adam commettent des p\u00e9ch\u00e9s, et les meilleurs p\u00e9cheurs sont ceux qui se repentent\u00bb. Sachez que je tiens \u00e0 pr\u00e9senter mes excuses \u00e0 ma famille, mes amis ainsi que tous les supporters de mon cher club et mes compatriotes Alg\u00e9riens. Tout ce qui s\u2019est pass\u00e9 m\u2019a en effet atteint mais m\u2019a rendu plus fort et beaucoup plus conscient des valeurs et principes que je dois pr\u00e9server. Merci \u00e0 vous et \u00e0 tous ceux qui ont \u00e9t\u00e9 avec moi pendant cette mauvaise phase.\u00bb Pour rappel, le joueur compara\u00eetra cet \u00e9t\u00e9. Le procureur va recourir \u00e0 une CRPC (comparution sur reconnaissance pr\u00e9alable de culpabilit\u00e9). Selon l&rsquo;article 222-32 du code p\u00e9nal fran\u00e7ais, le joueur, et selon la presse fran\u00e7aise, risque 1 an d&#8217;emprisonnement et 15 000 euros d&rsquo;amende.<\/p>\n<p><strong>Publi\u00e9 dans :<\/strong> <span>El Melali<\/span><\/p>\n<\/div>\n<p>Auteur:<br \/>\n<a href=\"http:\/\/www.lebuteur.com\/article\/detail?titre=farid-el-melali-presente-ses-excuses&#038;id=95864&#038;utm_source=feedburner&#038;utm_medium=feed&#038;utm_campaign=Feed%3A+GalerieFArtciles+%28Les+derniers+articles++-+lebuteur.com%29\">Cliquez ici pour lire l&rsquo;article depuis sa source.<\/a><\/p>\n","protected":false},"excerpt":{"rendered":"<p>Auteur : jeudi 07 mai 2020 14:45 Apr\u00e8s avoir fait l&rsquo;objet d&rsquo;un d\u00e9p\u00f4t de plainte pour exhibitionnisme, pour des actes commis lundi soir, l\u2019attaquant alg\u00e9rien d&rsquo;Angers Farid El Melali a publi\u00e9 un message d&rsquo;excuses sur son compte Instagram: \u00abCes derniers jours, j\u2019ai v\u00e9cu une p\u00e9riode tr\u00e8s compliqu\u00e9e, que ce soit moralement ou physiquement. Faire face [&hellip;]<\/p>\n","protected":false},"author":1738,"featured_media":84657,"comment_status":"closed","ping_status":"closed","sticky":false,"template":"","format":"standard","meta":{"fifu_image_url":"","fifu_image_alt":"","footnotes":""},"categories":[53,75],"tags":[],"class_list":["post-84656","post","type-post","status-publish","format-standard","has-post-thumbnail","hentry","category-algerie","category-sport"],"_links":{"self":[{"href":"https:\/\/linitiative.ca\/International\/wp-json\/wp\/v2\/posts\/84656","targetHints":{"allow":["GET"]}}],"collection":[{"href":"https:\/\/linitiative.ca\/International\/wp-json\/wp\/v2\/posts"}],"about":[{"href":"https:\/\/linitiative.ca\/International\/wp-json\/wp\/v2\/types\/post"}],"author":[{"embeddable":true,"href":"https:\/\/linitiative.ca\/International\/wp-json\/wp\/v2\/users\/1738"}],"replies":[{"embeddable":true,"href":"https:\/\/linitiative.ca\/International\/wp-json\/wp\/v2\/comments?post=84656"}],"version-history":[{"count":0,"href":"https:\/\/linitiative.ca\/International\/wp-json\/wp\/v2\/posts\/84656\/revisions"}],"wp:featuredmedia":[{"embeddable":true,"href":"https:\/\/linitiative.ca\/International\/wp-json\/"}],"wp:attachment":[{"href":"https:\/\/linitiative.ca\/International\/wp-json\/wp\/v2\/media?parent=84656"}],"wp:term":[{"taxonomy":"category","embeddable":true,"href":"https:\/\/linitiative.ca\/International\/wp-json\/wp\/v2\/categories?post=84656"},{"taxonomy":"post_tag","embeddable":true,"href":"https:\/\/linitiative.ca\/International\/wp-json\/wp\/v2\/tags?post=84656"}],"curies":[{"name":"wp","href":"https:\/\/api.w.org\/{rel}","templated":true}]}}