{"id":84662,"date":"2020-05-07T06:10:00","date_gmt":"2020-05-07T10:10:00","guid":{"rendered":"https:\/\/linitiative.ca\/International\/massacres-du-8-mai-45-des-crimes-contre-lhumanite-non-reconnus-par-la-france-75-ans-apres\/"},"modified":"2020-05-07T06:10:00","modified_gmt":"2020-05-07T10:10:00","slug":"massacres-du-8-mai-45-des-crimes-contre-lhumanite-non-reconnus-par-la-france-75-ans-apres","status":"publish","type":"post","link":"https:\/\/linitiative.ca\/International\/massacres-du-8-mai-45-des-crimes-contre-lhumanite-non-reconnus-par-la-france-75-ans-apres\/","title":{"rendered":"Massacres du 8 mai 45 : Des crimes contre l&rsquo;humanit\u00e9, non reconnus par la France 75 ans apr\u00e8s"},"content":{"rendered":"<p>La comm\u00e9moration du 75\u00e8me anniversaire de ces massacres &#8211;imprescriptibles au regard du droit international&#8211; intervient alors que la question de la reconnaissance de ces crimes par la France, hormis quelques d\u00e9clarations isol\u00e9es, reste pendante et enti\u00e8re.\u00a0<\/p>\n<p>Le 8 mai 1945, et alors que les Fran\u00e7ais c\u00e9l\u00e9braient la victoire des alli\u00e9s sur l&rsquo;Allemagne nazie marquant la fin de la seconde guerre mondiale, des dizaines de milliers d&rsquo;Alg\u00e9riens sont sortis dans les rues de S\u00e9tif, Guelma, Kherrata et dans d&rsquo;autres villes pour revendiquer pacifiquement l&rsquo;ind\u00e9pendance de l&rsquo;Alg\u00e9rie, ainsi que l&rsquo;avait promis la France s&rsquo;ils la soutenaient dans son combat contre le nazisme. La r\u00e9ponse du gouvernement fran\u00e7ais d&rsquo;alors fut sanglante, d&rsquo;une brutalit\u00e9 inou\u00efe : 45.000 Alg\u00e9riens furent massacr\u00e9s.<\/p>\n<p>\u00a0Durant plusieurs semaines, les forces coloniales et leurs milices pratiqu\u00e8rent des tueries de masse, n&rsquo;\u00e9pargnant ni enfants, ni femmes, ni personnes \u00e2g\u00e9es.Des personnes d\u00e9sarm\u00e9es abattues \u00e0 bout portant, d&rsquo;autres transport\u00e9es dans des camions pour \u00eatre pr\u00e9cipit\u00e9es dans des ravins, ou emmen\u00e9es en dehors des villes et ex\u00e9cut\u00e9es, avant que leurs corps ne soient br\u00fbl\u00e9s, puis ensevelis dans des fosses communes. Des fours \u00e0 chaux \u00e9taient \u00e9galement utilis\u00e9s par l&rsquo;arm\u00e9e fran\u00e7aise pour se d\u00e9barrasser des cadavres des victimes.Aux termes de l&rsquo;article 212-1 du code p\u00e9nal fran\u00e7ais, sont consid\u00e9r\u00e9s comme des crimes contre l&rsquo;humanit\u00e9 : \u00ab\u00a0la d\u00e9portation (&#8230;) ou la pratique massive et syst\u00e9matique d&rsquo;ex\u00e9cutions sommaires, d&rsquo;enl\u00e8vements de personnes suivis de leur disparition, la torture ou d&rsquo;actes inhumains inspir\u00e9s par des motifs politiques (&#8230;) organis\u00e9s en vertu d&rsquo;un plan concert\u00e9 \u00e0 l&rsquo;encontre d&rsquo;une population civile\u00a0\u00bb.<\/p>\n<p>Cette qualification n&rsquo;a pas \u00e9t\u00e9 employ\u00e9e par les officiels fran\u00e7ais, alors qu&rsquo;elle est \u00ab\u00a0parfaitement ad\u00e9quate\u00a0\u00bb aux pratiques de l&rsquo;arm\u00e9e fran\u00e7aise pendant la guerre d&rsquo;Alg\u00e9rie et aux crimes commis ant\u00e9rieurement \u00e0 partir du 8 mai 1945 \u00e0 S\u00e9tif, Guelma et Kherrata, rel\u00e8vent des historiens fran\u00e7ais.<\/p>\n<h3>Dans une contribution publi\u00e9e mercredi sur son blog, l&rsquo;universitaire Olivier Le Cour Grandmaison, a regrett\u00e9 \u00ab\u00a0le silence de la France\u00a0\u00bb sur les massacres du 8 mai 1945, soulignant que les \u00ab\u00a0descendants de ces victimes attendent toujours la reconnaissance de ces crimes\u00a0\u00bb par la France.<\/h3>\n<p>Il a relev\u00e9, \u00e0 cet \u00e9gard, que \u00ab\u00a0ni Fran\u00e7ois Hollande (ex-pr\u00e9sident de la R\u00e9publique fran\u00e7aise), ni Emmanuel Macron (actuel Pr\u00e9sident) ne se sont engag\u00e9s dans cette voie (ndlr: reconnaissance)\u00a0\u00bb, rappelant \u00e0 cet effet que Macron avait d\u00e9clar\u00e9, au cours d&rsquo;un voyage en Alg\u00e9rie en tant que candidat \u00e0 l&rsquo;\u00e9lection pr\u00e9sidentielle (f\u00e9vrier 2017) que \u00ab\u00a0la colonisation \u00e9tait un crime contre l&rsquo;humanit\u00e9\u00a0\u00bb.<\/p>\n<p>Comme ses pr\u00e9d\u00e9cesseurs, une fois install\u00e9 \u00e0 l\u2019Elys\u00e9e, M. Macron \u00ab\u00a0s&rsquo;est bien gard\u00e9 de r\u00e9it\u00e9rer ses dires\u00a0\u00bb, a comment\u00e9 Le Cour Grandmaison.Rappelant la reconnaissance par Macron de la mort en 1957 du militant alg\u00e9rien Maurice Audin \u00ab\u00a0sous la torture du fait du syst\u00e8me institu\u00e9 alors en Alg\u00e9rie par la France\u00a0\u00bb, ce sp\u00e9cialiste de l&rsquo;histoire coloniale a regrett\u00e9 que \u00ab\u00a0cet acte majeur n&rsquo;a \u00e9t\u00e9 suivi d&rsquo;aucun autre\u00a0\u00bb, estimant qu&rsquo;il s&rsquo;agit d&rsquo;une \u00ab\u00a0classique tactique\u00a0\u00bb consistant \u00e0 \u00ab\u00a0c\u00e9der sur un point pour mieux pr\u00e9server l&rsquo;essentiel\u00a0\u00bb.<\/p>\n<p>Il a rappel\u00e9, dans le m\u00eame contexte, les paroles de l&rsquo;ambassadeur de France en Alg\u00e9rie, Hubert Colin de Verdi\u00e8re, en 2005, \u00e0 S\u00e9tif, qui avait qualifi\u00e9 les massacres du 8 mai 1945 de \u00ab\u00a0trag\u00e9die inexcusable\u00a0\u00bb, puis de son successeur, Bernard Bajolet, \u00e0 Guelma, 3 ans plus tard, \u00e9voquant \u00ab\u00a0la tr\u00e8s lourde responsabilit\u00e9 des autorit\u00e9s fran\u00e7aises de l&rsquo;\u00e9poque dans ce d\u00e9cha\u00eenement de folie meurtri\u00e8re\u00a0\u00bb qui avait fait des milliers de victimes innocentes.<\/p>\n<p>\u00ab\u00a0Depuis, aucune d\u00e9claration des plus hautes autorit\u00e9s de l&rsquo;Etat fran\u00e7ais n&rsquo;est venue confirmer ces propos\u00a0\u00bb, a observ\u00e9 Le Cour Grandmaison.Dans une tribune publi\u00e9e en 2019, sur \u00ab\u00a0l&rsquo;aventure coloniale de la France\u00a0\u00bb, les intellectuels Fran\u00e7ois G\u00e8ze, Gilles Manceron, Fabrice Riceputi et Alain Ruscio avaient estim\u00e9 qu&rsquo;il restait pour les plus hautes autorit\u00e9s de l&rsquo;Etat fran\u00e7ais \u00ab\u00a0bien des choses\u00a0\u00bb \u00e0 dire pour reconna\u00eetre les massacres du 8 mai 1945 en Alg\u00e9rie.<\/p>\n<p>Ils ont consid\u00e9r\u00e9 que si le Pr\u00e9sident Emmanuel Macron ne d\u00e9cidait pas de s&rsquo;engager \u00ab\u00a0r\u00e9solument\u00a0\u00bb dans la voie d&rsquo;une reconnaissance \u00ab\u00a0pleine et enti\u00e8re\u00a0\u00bb de ce que furent les \u00ab\u00a0errements et les crimes\u00a0\u00bb de la R\u00e9publique fran\u00e7aise dans ses colonies, il \u00ab\u00a0s&rsquo;expose au risque de rester dans l&rsquo;histoire comme celui qui aura simplement cherch\u00e9 \u00e0 instrumentaliser, \u00e0 des fins \u00e9lectorales, la \u00ab\u00a0question coloniale\u00a0\u00bb.<\/p>\n<p>Auteur: elmoudjahid<br \/>\n<a href=\"http:\/\/www.elmoudjahid.com\/fr\/actualites\/152894\">Cliquez ici pour lire l&rsquo;article depuis sa source.<\/a><\/p>\n","protected":false},"excerpt":{"rendered":"<p>La comm\u00e9moration du 75\u00e8me anniversaire de ces massacres &#8211;imprescriptibles au regard du droit international&#8211; intervient alors que la question de la reconnaissance de ces crimes par la France, hormis quelques d\u00e9clarations isol\u00e9es, reste pendante et enti\u00e8re.\u00a0 Le 8 mai 1945, et alors que les Fran\u00e7ais c\u00e9l\u00e9braient la victoire des alli\u00e9s sur l&rsquo;Allemagne nazie marquant la [&hellip;]<\/p>\n","protected":false},"author":1744,"featured_media":0,"comment_status":"closed","ping_status":"closed","sticky":false,"template":"","format":"standard","meta":{"fifu_image_url":"","fifu_image_alt":"","footnotes":""},"categories":[73,53],"tags":[],"class_list":["post-84662","post","type-post","status-publish","format-standard","hentry","category-actualite","category-algerie"],"_links":{"self":[{"href":"https:\/\/linitiative.ca\/International\/wp-json\/wp\/v2\/posts\/84662","targetHints":{"allow":["GET"]}}],"collection":[{"href":"https:\/\/linitiative.ca\/International\/wp-json\/wp\/v2\/posts"}],"about":[{"href":"https:\/\/linitiative.ca\/International\/wp-json\/wp\/v2\/types\/post"}],"author":[{"embeddable":true,"href":"https:\/\/linitiative.ca\/International\/wp-json\/wp\/v2\/users\/1744"}],"replies":[{"embeddable":true,"href":"https:\/\/linitiative.ca\/International\/wp-json\/wp\/v2\/comments?post=84662"}],"version-history":[{"count":0,"href":"https:\/\/linitiative.ca\/International\/wp-json\/wp\/v2\/posts\/84662\/revisions"}],"wp:attachment":[{"href":"https:\/\/linitiative.ca\/International\/wp-json\/wp\/v2\/media?parent=84662"}],"wp:term":[{"taxonomy":"category","embeddable":true,"href":"https:\/\/linitiative.ca\/International\/wp-json\/wp\/v2\/categories?post=84662"},{"taxonomy":"post_tag","embeddable":true,"href":"https:\/\/linitiative.ca\/International\/wp-json\/wp\/v2\/tags?post=84662"}],"curies":[{"name":"wp","href":"https:\/\/api.w.org\/{rel}","templated":true}]}}