{"id":84663,"date":"2020-05-07T15:18:29","date_gmt":"2020-05-07T19:18:29","guid":{"rendered":"https:\/\/linitiative.ca\/International\/revision-de-la-constitution-la-mouture-de-lavant-projet-prete-pour-le-debat\/"},"modified":"2020-05-07T15:18:29","modified_gmt":"2020-05-07T19:18:29","slug":"revision-de-la-constitution-la-mouture-de-lavant-projet-prete-pour-le-debat","status":"publish","type":"post","link":"https:\/\/linitiative.ca\/International\/revision-de-la-constitution-la-mouture-de-lavant-projet-prete-pour-le-debat\/","title":{"rendered":"R\u00e9vision de la Constitution: La mouture de l&rsquo;avant-projet pr\u00eate pour le d\u00e9bat"},"content":{"rendered":"<p>La Pr\u00e9sidence de la R\u00e9publique a joint \u00e0 cette mouture une lettre adress\u00e9e aux chefs de partis politiques, personnalit\u00e9s nationales, acad\u00e9miciens, responsables d&rsquo;organisations professionnelles, syndicales et estudiantines, associations de la soci\u00e9t\u00e9 civile ainsi qu&rsquo;aux directeurs d&rsquo;institutions m\u00e9diatiques.<\/p>\n<div readability=\"63\">\n<p>\u00ab\u00a0Suite \u00e0 son engagement au cours de la campagne \u00e9lectorale pour la compte de la Pr\u00e9sidentielle de 2019 concernant la r\u00e9vision de la Constitution, le Pr\u00e9sident de la R\u00e9publique a charg\u00e9, d\u00e8s son \u00e9lection Pr\u00e9sident de la R\u00e9publique, un comit\u00e9 d\u2019experts de formuler des propositions pour l\u2019\u00e9laboration d\u2019un projet de Constitution consensuelle qui soit \u00e0 la hauteur des aspirations des citoyens exprim\u00e9es lors des marches de l\u2019authentique Hirak populaire b\u00e9ni\u00a0\u00bb, lit-on dans la lettre.<\/p>\n<p>La m\u00eame source a rappel\u00e9 la promesse du Pr\u00e9sident de la R\u00e9publique quant \u00e0 l\u2019ouverture d\u2019un large d\u00e9bat sur cet avant-projet de la part de tous les acteurs de la soci\u00e9t\u00e9.<\/p>\n<p>La distribution de cet mouture d&rsquo;avant-projet avait \u00e9t\u00e9 report\u00e9e \u00ab\u00a0en raison de la crise du Covid-19 et l\u2019impossibilit\u00e9 d\u2019organiser des d\u00e9bats publics. Toutefois, devant l\u2019insistance de nombre de partenaires\u00a0politiques, organisations de la soci\u00e9t\u00e9 civile, syndicats et personnalit\u00e9s nationales pour tirer profit de l\u2019occasion du moi sacr\u00e9 du Ramadhan et le confinement sanitaire afin de consulter le document, le Pr\u00e9sident de la R\u00e9publique a pr\u00e9f\u00e9r\u00e9 satisfaire leur demande\u00a0\u00bb, a ajout\u00e9 la m\u00eame source qui\u00a0a appel\u00e9 \u00ab\u00a0le d\u00e9battre et \u00e0 l\u2019enrichir dans le respect des mesures pr\u00e9ventives de lutte contre la propagation du Covid-19\u00a0\u00bb.<\/p>\n<p>Il convient de noter, poursuit-t-on de m\u00eame source, que ce texte \u00ab\u00a0se veut une simple mouture pour une r\u00e9vision globale et profonde de la Constitution. Il s\u2019agit, donc, d\u2019une plateforme de d\u00e9bat et une m\u00e9thode de travail que le Pr\u00e9sident a voulu suivre pour ne pas voir un d\u00e9bat lanc\u00e9 du vide mais plut\u00f4t \u00e0 partir d\u2019un document \u00e9labor\u00e9 par une \u00e9lite d\u2019\u00e9minents professeurs de droit\u00a0\u00bb.<\/p>\n<p>Le pr\u00e9sident de la R\u00e9publique souhaite voir ce document \u00ab\u00a0enrichi de vos contributions constructives on y apportant les modifications, les suppressions et les ajouts que vous jugez utiles, l\u2019objectif \u00e9tant de doter\u00a0la nation d\u2019une Constitution consensuelle \u00e0 la hauteur des aspirations du peuple\u00a0\u00bb.<\/p>\n<p>Vos contributions pr\u00e9vues devraient tracer la voie \u00e0 l\u2019\u00e9dification de la R\u00e9publique nouvelle o\u00f9 tout un chacun jouit de la justice, de l\u2019ind\u00e9pendance, de la s\u00e9curit\u00e9, la stabilit\u00e9, l\u2019essor social et la confiance en l\u2019avenir.<\/p>\n<p>Les propositions du Comit\u00e9 d&rsquo;experts s&rsquo;articulent autour de six axes, \u00e0 savoir: \u00ab\u00a0les droits fondamentaux et les libert\u00e9s publiques\u00a0\u00bb, \u00ab\u00a0renforcement de la s\u00e9paration entre les pouvoirs et leur \u00e9quilibre\u00a0\u00bb, \u00ab\u00a0le pouvoir\u00a0judiciaire\u00a0\u00bb, \u00ab\u00a0la cour constitutionnelle\u00a0\u00bb, \u00ab\u00a0la transparence, la pr\u00e9vention et la lutte contre la corruption\u00a0\u00bb, et \u00ab\u00a0l&rsquo;Autorit\u00e9 nationale ind\u00e9pendante des \u00e9lections\u00a0\u00bb.<\/p>\n<p>APS<\/p>\n<\/div>\n<p>Auteur: elmoudjahid<br \/>\n<a href=\"http:\/\/www.elmoudjahid.com\/fr\/actualites\/152895\">Cliquez ici pour lire l&rsquo;article depuis sa source.<\/a><\/p>\n","protected":false},"excerpt":{"rendered":"<p>La Pr\u00e9sidence de la R\u00e9publique a joint \u00e0 cette mouture une lettre adress\u00e9e aux chefs de partis politiques, personnalit\u00e9s nationales, acad\u00e9miciens, responsables d&rsquo;organisations professionnelles, syndicales et estudiantines, associations de la soci\u00e9t\u00e9 civile ainsi qu&rsquo;aux directeurs d&rsquo;institutions m\u00e9diatiques. \u00ab\u00a0Suite \u00e0 son engagement au cours de la campagne \u00e9lectorale pour la compte de la Pr\u00e9sidentielle de 2019 [&hellip;]<\/p>\n","protected":false},"author":1744,"featured_media":0,"comment_status":"closed","ping_status":"closed","sticky":false,"template":"","format":"standard","meta":{"fifu_image_url":"","fifu_image_alt":"","footnotes":""},"categories":[73,53],"tags":[],"class_list":["post-84663","post","type-post","status-publish","format-standard","hentry","category-actualite","category-algerie"],"_links":{"self":[{"href":"https:\/\/linitiative.ca\/International\/wp-json\/wp\/v2\/posts\/84663","targetHints":{"allow":["GET"]}}],"collection":[{"href":"https:\/\/linitiative.ca\/International\/wp-json\/wp\/v2\/posts"}],"about":[{"href":"https:\/\/linitiative.ca\/International\/wp-json\/wp\/v2\/types\/post"}],"author":[{"embeddable":true,"href":"https:\/\/linitiative.ca\/International\/wp-json\/wp\/v2\/users\/1744"}],"replies":[{"embeddable":true,"href":"https:\/\/linitiative.ca\/International\/wp-json\/wp\/v2\/comments?post=84663"}],"version-history":[{"count":0,"href":"https:\/\/linitiative.ca\/International\/wp-json\/wp\/v2\/posts\/84663\/revisions"}],"wp:attachment":[{"href":"https:\/\/linitiative.ca\/International\/wp-json\/wp\/v2\/media?parent=84663"}],"wp:term":[{"taxonomy":"category","embeddable":true,"href":"https:\/\/linitiative.ca\/International\/wp-json\/wp\/v2\/categories?post=84663"},{"taxonomy":"post_tag","embeddable":true,"href":"https:\/\/linitiative.ca\/International\/wp-json\/wp\/v2\/tags?post=84663"}],"curies":[{"name":"wp","href":"https:\/\/api.w.org\/{rel}","templated":true}]}}