{"id":84664,"date":"2020-05-07T15:18:31","date_gmt":"2020-05-07T19:18:31","guid":{"rendered":"https:\/\/linitiative.ca\/International\/message-du-president-de-la-republique-a-loccasion-du-75e-anniversaire-des-massacres-du-8-mai-194\/"},"modified":"2020-05-07T15:18:31","modified_gmt":"2020-05-07T19:18:31","slug":"message-du-president-de-la-republique-a-loccasion-du-75e-anniversaire-des-massacres-du-8-mai-194","status":"publish","type":"post","link":"https:\/\/linitiative.ca\/International\/message-du-president-de-la-republique-a-loccasion-du-75e-anniversaire-des-massacres-du-8-mai-194\/","title":{"rendered":"Message du pr\u00e9sident de la R\u00e9publique \u00e0 l&rsquo;occasion du 75e anniversaire des Massacres du 8 mai 194"},"content":{"rendered":"<p class=\"c8\">\u00a0<\/p>\n<p class=\"c8\">\u00ab\u00a0Au nom d&rsquo;Allah Le Cl\u00e9ment, Le Mis\u00e9ricordieux,\u00a0\u00a0 Concitoyennes, concitoyens<\/p>\n<p class=\"c8\">\u00a0<\/p>\n<p class=\"c8\">L&rsquo;Alg\u00e9rie comm\u00e9morera demain le 75e anniversaire des Massacres du 8 mai 1945, qui ont mis \u00e0 nu d\u00e9finitivement le v\u00e9ritable visage de la colonisation fran\u00e7aise qui a extermin\u00e9, d\u00e9truit, br\u00fbl\u00e9, exil\u00e9, viol\u00e9&#8230; et tent\u00e9 d\u2019occulter la personnalit\u00e9 nationale et de semer les germes de la discorde et de la division. Mais gr\u00e2ce \u00e0 la r\u00e9sistance h\u00e9ro\u00efque du peuple, ces massacres ont constitu\u00e9 le tournant qui a persuad\u00e9 les courants nationalistes que la lutte arm\u00e9e reste le seul moyen pour la lib\u00e9ration et le recouvrement de la souverainet\u00e9 nationale.<\/p>\n<p class=\"c8\">Les manifestations pacifiques du 8 mai 1945 au cours desquelles des citoyens sans d\u00e9fense sont sortis par dizaines de milliers \u00e0 S\u00e9tif, Guelma et Kherrata avant de s&rsquo;\u00e9tendre ,en deux semaines, \u00e0 d&rsquo;autres parties du pays, ont fait pas moins de 45.000 martyrs, voire davantage au regard de la machine de guerre comprenant des forces conjugu\u00e9e, terrestres, a\u00e9riennes et navales, police et milices de colons arm\u00e9s mobilis\u00e9e contre des manifestants pacifiques qui r\u00e9clamaient aux autorit\u00e9s coloniales d&rsquo;honorer<\/p>\n<p class=\"c8\">leur promesse d\u2019accorder aux Alg\u00e9riens leur ind\u00e9pendance apr\u00e8s la victoire des Alli\u00e9s sur les nazis, en contrepartie de leur d\u00e9fense de l&rsquo;honneur de la France contre l&rsquo;occupation nazie.<\/p>\n<p class=\"c8\">La r\u00e9pression sanglante et sauvage de la colonisation abjecte demeurera une marque d\u2019infamie coll\u00e9e au front du colonisateur qui a commis, 132 ann\u00e9es durant, des crimes imprescriptibles \u00e0 l\u2019encontre de notre peuple malgr\u00e9 les multiples tentatives de les effacer car le nombre de victimes a d\u00e9pass\u00e9 cinq (5) millions et demi de personnes tous \u00e2ges confondus, soit plus de la moiti\u00e9 des habitants de l\u2019Alg\u00e9rie sous l&rsquo;occupation coloniale.<\/p>\n<p class=\"c8\">En effet, ce sont l\u00e0 des crimes commis contre l\u2019humanit\u00e9 et contre les valeurs civilisationnelles, car fond\u00e9s sur la purification ethnique ayant pour objectif de remplacer les populations autochtones par des apports de populations \u00e9trang\u00e8res. Des crimes qui visaient \u00e0 d\u00e9raciner l\u2019Alg\u00e9rien, \u00e0 piller ses richesses et \u00e0 effacer tout fondement de sa personnalit\u00e9.<\/p>\n<p class=\"c8\">C\u2019est pour cela, qu&rsquo;il incombe \u00e0 nos historiens de proc\u00e9der aujourd\u2019hui \u00e0 l\u2019\u00e9lucidation de chaque recoin de cette \u00e9tape et de toutes les autres ancr\u00e9es dans la m\u00e9moire de la nation. Elucider avec un haut sens de<\/p>\n<p class=\"c8\">cr\u00e9dibilit\u00e9 dans le r\u00e9cit afin de rendre justice aux g\u00e9n\u00e9rations montantes dans le droit \u00e0 la connaissance des d\u00e9tails du pass\u00e9.<\/p>\n<p class=\"c8\">Nous demeurons convaincus que la nation qui pr\u00e9serve son pass\u00e9, se pr\u00e9serve elle-m\u00eame, et accentue sa capacit\u00e9 de maturation de la conscience populaire pour faire \u00e9chouer les man\u0153uvres des courants et lobbies racistes de l\u2019autre rive de la m\u00e9diterran\u00e9e, et dont la mentalit\u00e9 d&rsquo;antan a \u00e9t\u00e9 enterr\u00e9e irr\u00e9vocablement par la volont\u00e9 du peuple.\u00a0\u00a0<\/p>\n<p class=\"c8\">Et c&rsquo;est parce que notre Histoire demeurera toujours au premier plan des pr\u00e9occupations de l&rsquo;Alg\u00e9rie nouvelle et de celles de sa jeunesse, une Histoire que nous ne saurions, en aucun cas, omettre dans nos relations \u00e9trang\u00e8res, j\u2019ai pris, \u00e0 cette occasion, la d\u00e9cision d\u2019instituer le 8 mai de chaque ann\u00e9e, Journ\u00e9e nationale de la M\u00e9moire, de m\u00eame que j\u2019ai donn\u00e9 des instructions pour le lancement d\u2019une chaine de t\u00e9l\u00e9vision nationale sp\u00e9cialis\u00e9e en Histoire, qui constituera un support pour le syst\u00e8me \u00e9ducatif dans l\u2019enseignement de cette mati\u00e8re que nous voulons maintenir vivace pour toutes les g\u00e9n\u00e9rations. Aussi, ai-je instruit de parachever l&rsquo;appellation des agglom\u00e9rations et quartiers des villes des noms des<\/p>\n<p class=\"c8\">martyrs de la r\u00e9sistance populaire et de la glorieuse Guerre de lib\u00e9ration et d\u2019\u00e9largir la restauration des monuments historiques pour t\u00e9moigner, au fil des g\u00e9n\u00e9rations, du lourd tribut que notre peuple a pay\u00e9 pour faire face \u00e0 la barbarie de l\u2019occupation coloniale et pouvoir vivre librement et dignement sur sa terre, fier de son pass\u00e9 duquel il s\u2019inspire pour fa\u00e7onner son avenir dans une v\u00e9ritable d\u00e9mocratie et une justice sociale.<\/p>\n<p class=\"c8\">Vive l\u2019Alg\u00e9rie libre, souveraine et digne. Gloire \u00e0 nos martyrs\u00a0\u00bb.<\/p>\n<p class=\"c8\">\u00a0<\/p>\n<p>Auteur: elmoudjahid<br \/>\n<a href=\"http:\/\/www.elmoudjahid.com\/fr\/actualites\/152896\">Cliquez ici pour lire l&rsquo;article depuis sa source.<\/a><\/p>\n","protected":false},"excerpt":{"rendered":"<p>\u00a0 \u00ab\u00a0Au nom d&rsquo;Allah Le Cl\u00e9ment, Le Mis\u00e9ricordieux,\u00a0\u00a0 Concitoyennes, concitoyens \u00a0 L&rsquo;Alg\u00e9rie comm\u00e9morera demain le 75e anniversaire des Massacres du 8 mai 1945, qui ont mis \u00e0 nu d\u00e9finitivement le v\u00e9ritable visage de la colonisation fran\u00e7aise qui a extermin\u00e9, d\u00e9truit, br\u00fbl\u00e9, exil\u00e9, viol\u00e9&#8230; et tent\u00e9 d\u2019occulter la personnalit\u00e9 nationale et de semer les germes de [&hellip;]<\/p>\n","protected":false},"author":1744,"featured_media":0,"comment_status":"closed","ping_status":"closed","sticky":false,"template":"","format":"standard","meta":{"fifu_image_url":"","fifu_image_alt":"","footnotes":""},"categories":[73,53],"tags":[],"class_list":["post-84664","post","type-post","status-publish","format-standard","hentry","category-actualite","category-algerie"],"_links":{"self":[{"href":"https:\/\/linitiative.ca\/International\/wp-json\/wp\/v2\/posts\/84664","targetHints":{"allow":["GET"]}}],"collection":[{"href":"https:\/\/linitiative.ca\/International\/wp-json\/wp\/v2\/posts"}],"about":[{"href":"https:\/\/linitiative.ca\/International\/wp-json\/wp\/v2\/types\/post"}],"author":[{"embeddable":true,"href":"https:\/\/linitiative.ca\/International\/wp-json\/wp\/v2\/users\/1744"}],"replies":[{"embeddable":true,"href":"https:\/\/linitiative.ca\/International\/wp-json\/wp\/v2\/comments?post=84664"}],"version-history":[{"count":0,"href":"https:\/\/linitiative.ca\/International\/wp-json\/wp\/v2\/posts\/84664\/revisions"}],"wp:attachment":[{"href":"https:\/\/linitiative.ca\/International\/wp-json\/wp\/v2\/media?parent=84664"}],"wp:term":[{"taxonomy":"category","embeddable":true,"href":"https:\/\/linitiative.ca\/International\/wp-json\/wp\/v2\/categories?post=84664"},{"taxonomy":"post_tag","embeddable":true,"href":"https:\/\/linitiative.ca\/International\/wp-json\/wp\/v2\/tags?post=84664"}],"curies":[{"name":"wp","href":"https:\/\/api.w.org\/{rel}","templated":true}]}}