{"id":84665,"date":"2020-05-07T12:20:00","date_gmt":"2020-05-07T16:20:00","guid":{"rendered":"https:\/\/linitiative.ca\/International\/arkab-le-marche-petrolier-retrouvera-son-equilibre-au-deuxieme-semestre-de-2020\/"},"modified":"2020-05-07T12:20:00","modified_gmt":"2020-05-07T16:20:00","slug":"arkab-le-marche-petrolier-retrouvera-son-equilibre-au-deuxieme-semestre-de-2020","status":"publish","type":"post","link":"https:\/\/linitiative.ca\/International\/arkab-le-marche-petrolier-retrouvera-son-equilibre-au-deuxieme-semestre-de-2020\/","title":{"rendered":"Arkab: Le march\u00e9 p\u00e9trolier retrouvera son \u00e9quilibre au deuxi\u00e8me semestre de 2020"},"content":{"rendered":"<p>Dans une d\u00e9claration \u00e0 la presse, en marge d\u2019une r\u00e9union sectorielle tripartite consacr\u00e9e \u00e0 l\u2019am\u00e9lioration du d\u00e9bit internet et de la qualit\u00e9 des services de t\u00e9l\u00e9phonie, M. Arkab s\u2019est dit \u00ab\u00a0tr\u00e8s optimiste quant au\u00a0r\u00e9\u00e9quilibrage du march\u00e9 p\u00e9trolier au deuxi\u00e8me semestre de 2020\u00a0\u00bb, estimant que \u00ab\u00a0le d\u00e9confinement progressif entam\u00e9 dans certains pays en Asie, en Europe et bient\u00f4t en Am\u00e9rique s\u2019accompagnera de la reprise de la demande\u00a0\u00bb.<\/p>\n<p>Avec le d\u00e9confinement attendu, \u00ab\u00a0certains secteurs reprendront leur activit\u00e9 normale, ce qui aura un impact positif sur la demande\u00a0\u00bb, a-t-il expliqu\u00e9.<\/p>\n<hr\/>\n<p>Le ministre a fait remarquer que \u00ab\u00a0le march\u00e9 mondial a connu des flux p\u00e9troliers importants entre mars et avril\u00a0\u00bb mais, a-t-il dit, \u00ab\u00a0la pand\u00e9mie de Covid-19 a cr\u00e9\u00e9 un grand d\u00e9s\u00e9quilibre entre l&rsquo;offre et la demande\u00a0\u00bb.<\/p>\n<p>Pour rappel, l\u2019Organisation des pays exportateurs de p\u00e9trole et leurs alli\u00e9s (OPEP+) avait d\u00e9cid\u00e9, le 12 avril dernier, de baisser la production globale de p\u00e9trole de 9,7 mb\/j en mai et juin 2020,\u00a0Cette r\u00e9duction devrait ensuite se poursuivre, du 1er juillet \u00e0 fin d\u00e9cembre 2020, mais avec une cadence inf\u00e9rieure, \u00e0 savoir une baisse de 8 mb\/j.<\/p>\n<p>L\u2019accord pr\u00e9voit enfin que les pays concern\u00e9s par la d\u00e9claration de coop\u00e9ration de l\u2019Opep+, sign\u00e9e en 2016, continuent leurs efforts visant \u00e0 \u00e9quilibrer un march\u00e9 fortement impact\u00e9 par la pand\u00e9mie de coronavirus, en appliquant une r\u00e9duction de leur production de l\u2019ordre de 6 mb\/j \u00e0 compter\u00a0du 1er janvier 2021 et jusqu\u2019\u00e0 la fin avril 2022.<\/p>\n<p>Ainsi, cet accord historique consiste en une r\u00e9duction autour de 20% de la production des 10 pays de l\u2019Opep non-exempt\u00e9s de quotas (donc l\u2019Opep hors l\u2019Iran, le Venezuela et la Libye) et de leurs 10 partenaires de l\u2019Opep+, \u00e0 savoir la Russie, Azerba\u00efdjan, Brunei, Bahre\u00efn, Guin\u00e9e \u00e9quatoriale,\u00a0Kazakhstan, Malaisie, Oman, Soudan et Sud Soudan et le Mexique.<\/p>\n<p>Pour l\u2019Alg\u00e9rie, la part de r\u00e9duction est pour une premi\u00e8re \u00e9tape est de 240.000 bj, suivie de 193.000 bj avant d\u2019atteindre dans la derni\u00e8re \u00e9tape de l&rsquo;accord OPEP+ \u00e0 145.000 bj, selon de pr\u00e9c\u00e9dents donn\u00e9es du ministre de l\u2019Energie.<\/p>\n<p>Auteur: elmoudjahid<br \/>\n<a href=\"http:\/\/www.elmoudjahid.com\/fr\/actualites\/152897\">Cliquez ici pour lire l&rsquo;article depuis sa source.<\/a><\/p>\n","protected":false},"excerpt":{"rendered":"<p>Dans une d\u00e9claration \u00e0 la presse, en marge d\u2019une r\u00e9union sectorielle tripartite consacr\u00e9e \u00e0 l\u2019am\u00e9lioration du d\u00e9bit internet et de la qualit\u00e9 des services de t\u00e9l\u00e9phonie, M. Arkab s\u2019est dit \u00ab\u00a0tr\u00e8s optimiste quant au\u00a0r\u00e9\u00e9quilibrage du march\u00e9 p\u00e9trolier au deuxi\u00e8me semestre de 2020\u00a0\u00bb, estimant que \u00ab\u00a0le d\u00e9confinement progressif entam\u00e9 dans certains pays en Asie, en Europe [&hellip;]<\/p>\n","protected":false},"author":1744,"featured_media":0,"comment_status":"closed","ping_status":"closed","sticky":false,"template":"","format":"standard","meta":{"fifu_image_url":"","fifu_image_alt":"","footnotes":""},"categories":[73,53],"tags":[],"class_list":["post-84665","post","type-post","status-publish","format-standard","hentry","category-actualite","category-algerie"],"_links":{"self":[{"href":"https:\/\/linitiative.ca\/International\/wp-json\/wp\/v2\/posts\/84665","targetHints":{"allow":["GET"]}}],"collection":[{"href":"https:\/\/linitiative.ca\/International\/wp-json\/wp\/v2\/posts"}],"about":[{"href":"https:\/\/linitiative.ca\/International\/wp-json\/wp\/v2\/types\/post"}],"author":[{"embeddable":true,"href":"https:\/\/linitiative.ca\/International\/wp-json\/wp\/v2\/users\/1744"}],"replies":[{"embeddable":true,"href":"https:\/\/linitiative.ca\/International\/wp-json\/wp\/v2\/comments?post=84665"}],"version-history":[{"count":0,"href":"https:\/\/linitiative.ca\/International\/wp-json\/wp\/v2\/posts\/84665\/revisions"}],"wp:attachment":[{"href":"https:\/\/linitiative.ca\/International\/wp-json\/wp\/v2\/media?parent=84665"}],"wp:term":[{"taxonomy":"category","embeddable":true,"href":"https:\/\/linitiative.ca\/International\/wp-json\/wp\/v2\/categories?post=84665"},{"taxonomy":"post_tag","embeddable":true,"href":"https:\/\/linitiative.ca\/International\/wp-json\/wp\/v2\/tags?post=84665"}],"curies":[{"name":"wp","href":"https:\/\/api.w.org\/{rel}","templated":true}]}}