{"id":84674,"date":"2020-05-07T09:51:00","date_gmt":"2020-05-07T13:51:00","guid":{"rendered":"https:\/\/linitiative.ca\/International\/la-solution-eradicatrice-du-ministre-du-commerce-mohamed-msilini-qui-veut-fermer-les-bureaux-du-cepex-a-letranger\/"},"modified":"2020-05-07T09:51:00","modified_gmt":"2020-05-07T13:51:00","slug":"la-solution-eradicatrice-du-ministre-du-commerce-mohamed-msilini-qui-veut-fermer-les-bureaux-du-cepex-a-letranger","status":"publish","type":"post","link":"https:\/\/linitiative.ca\/International\/la-solution-eradicatrice-du-ministre-du-commerce-mohamed-msilini-qui-veut-fermer-les-bureaux-du-cepex-a-letranger\/","title":{"rendered":"La solution \u00e9radicatrice du ministre du Commerce Mohamed Msilini qui veut fermer les bureaux du Cepex \u00e0 l\u2019\u00e9tranger"},"content":{"rendered":"<p>Un ministre peut-il se croire tout permis\u00a0? Mohamed Msilini en charge du commerce n\u2019est pas \u00e0 sa premi\u00e8re frasque en fausses man\u0153uvres d\u00e9plorables. Il vient d\u2019annoncer que les 13 bureaux du Cepex \u00e0 l\u2019\u00e9tranger pourraient faire l\u2019objet de fermeture. Quelle outrecuidance\u00a0! Le d\u00e9mant\u00e8lement de ce r\u00e9seau d\u2019appui aux exportateurs, b\u00e2ti aux prix de grands efforts d\u00e9ploy\u00e9s depuis de longues ann\u00e9es par souvent de vrais militants vient porter un coup dur au bras arm\u00e9 de notre commerce ext\u00e9rieur. Priver nos industriels et nos exposants participants aux foires et salons d\u2019un appui et d\u2019un accompagnement aussi n\u00e9cessaire et indispensable sur les march\u00e9s internationaux, rel\u00e8ve de l\u2019irresponsabilit\u00e9. Nos comp\u00e9titeurs s\u2019en r\u00e9jouiront. Les services centraux du Cepex sont-ils capables de monter \u00e0 des distances les pavillions de la Tunisie dans les manifestations internatioanles, \u00e0 Paris, Milan, Hanovre, Duba\u00ef et ailleurs?\u00a0A combien se montera alors la factures et avec quels risques? Le populisme risque de tuer\u00a0!<\/p>\n<p>Les fonds du Cepex proviennent en bonne partie des pr\u00e9l\u00e8vements sur les produits, le reste est consenti par l\u2019argent du contribuable. Avant de vous y hasarder sur un coup de t\u00eate et au nom du fallacieux argument de l\u2019int\u00e9r\u00eat public et de la rationalisation des d\u00e9penses, demandez au moins l\u2019avis des exportateurs et de nos ambassadeurs\u00a0!<\/p>\n<h2><strong>Nos anc\u00eatres, les Maisons de Tunisie<\/strong><\/h2>\n<p>D\u00e8s l\u2019aube de l\u2019ind\u00e9pendance, <strong><span class=\"c2\">Bourguiba<\/span><\/strong> avait ouvert des Maisons de Tunisie sous la tutelle de l&rsquo;Office du Commerce de la Tunisie (<a href=\"http:\/\/www.commerce.gov.tn\/Fr\/office-du-commerce-de-la-tunisieoct_11_8\">OCT<\/a>), non seulement \u00e0 Paris, mais aussi \u00e0 New York. Une formule qui r\u00e9unissait sous un m\u00eame toit tous nos repr\u00e9sentants \u00e9conomiques \u00e0 Tunis. <strong><span class=\"c2\">Feu Mongi Loukil<\/span><\/strong>, (en photo \u00e0 New York) qui avait install\u00e9 et dirig\u00e9 la premi\u00e8re Maison \u00e0 New York, en a rapport\u00e9 un t\u00e9moignage et des enseignements \u00e9difiants. Le concept a, depuis lors \u00e9volu\u00e9. R<span class=\"c2\"><strong>aouf Ben Zakkour<\/strong><\/span>, qui y vit encore, peut en t\u00e9moigner \u00e9logieusement. L\u2019ONTT s\u2019\u00e9tait install\u00e9, d\u00e9but des ann\u00e9es 1970, sur la prestigieuse avenue de l\u2019Op\u00e9ra, sous la direction de <span class=\"c2\"><strong>Adel Boussarsar<\/strong><\/span>, et sur instruction de feu <strong><span class=\"c2\">H\u00e9di Nouira<\/span><\/strong>. La FIPA a fait un travail remarquable dans de nombreuses capitales europ\u00e9ennes. L&rsquo;Agence tunisienne de Coop\u00e9ration technique (ATCT), cr\u00e9\u00e9e en 1972, est le porte-drapau d&rsquo;envoi de dizaines de milliers de coop\u00e9rants tunisiens, au Maghreb, en Afrique subsaharienne et dans les pays du Golfe.\u00a0Dirig\u00e9e successivement durant ses deux premi\u00e8res d\u00e9cennies par M&rsquo;hammed Chaker, puis Hamed Zeghal, elle a implant\u00e9 \u00e0 l&rsquo;\u00e9tranger des bureaux tr\u00e8s dynamiques, dirig\u00e9s par de hauts resposnables tous d\u00e9vou\u00e9s et comp\u00e9tents.<\/p>\n<p>Jeter tout cela dans l\u2019eau, d\u2019un coup de balai est une amputation dont nous payeront longuement les frais. Quitter un march\u00e9, c\u2019est, s\u2019en exclure durablement, et laisser la voie libre \u00e0 nos concurrents. Y -reprendre pied co\u00fbtera tr\u00e8s cher et demandera de longues ann\u00e9es.<\/p>\n<h2>Refonder le dispositif<\/h2>\n<p>On n\u2018ouvre pas une repr\u00e9sentation au gr\u00e9 des humeurs, voire pour y placer un affid\u00e9. On ne la ferme pas parce que son dirigeant s\u2019est av\u00e9r\u00e9 incomp\u00e9tent. Qu\u2019on repense la formule, dans le cadre d\u2019une r\u00e9-architecture des repr\u00e9sentations \u00e9conomiques tunisiennes \u00e0 l\u2019\u00e9tranger (FIPA, ONTT, ATCT, etc.) est certainement imp\u00e9ratif. L\u2019optimisation des moyens, la synergie entre les organismes, et la recherche de l\u2019efficience, sous la direction des ambassades, est un devoir qui s\u2019impose \u00e0 tous. Un suivi rigoureux, des contrats d\u2019objectifs et une \u00e9valuation permanente sont de mise. La responsabilit\u00e9 en revient d\u2019abord aux chefs de postes diplomatiques, premiers connaisseurs du terrain, puis aux dirigeants des organismes concern\u00e9s et \u00e0 leurs ministres. Si certaines repr\u00e9sentations ont failli \u00e0 leur mission, il faut les recentrer imm\u00e9diatement, sans attendre une appr\u00e9ciation annuelle. Avons-nous choisi les meilleurs pour les d\u00e9p\u00eacher \u00e0 l\u2019\u00e9tranger\u00a0? Leur avons-nous donn\u00e9 les moyens appropri\u00e9s, impos\u00e9 un reporting quotidien et apport\u00e9 le pilotage vigilent depuis Tunis\u00a0?<\/p>\n<h2>Construire et non-d\u00e9construire<\/h2>\n<p>Mohamed Msilini a-t-il inspect\u00e9 un seul bureau du Cepex \u00e0 l\u2019\u00e9tranger, ne serait-ce qu\u2019\u00e0 distance\u00a0? Revu les CV de leurs responsables\u00a0? \u00c9cout\u00e9, leur v\u00e9cu\u00a0? Entendu leurs dol\u00e9ances et \u00e9tudi\u00e9 leurs recommandations\u00a0?<\/p>\n<p>Ne laissons pas un ministre d\u00e9cider, seul, d\u2019une orientation strat\u00e9gique. Ely\u00e8s Fakhfakh, mais aussi tous les autres ministres concern\u00e9s (Affaires \u00e9trang\u00e8res, Tourisme, Industrie, D\u00e9veloppement, Investissement, et Coop\u00e9ration internationale, Sant\u00e9 au titre du tourisme m\u00e9dical) doivent y faire attention, et fixer des lignes rouges infranchissables.<\/p>\n<p>Ministre du Commerce, remisez au placard votre id\u00e9ologie \u00a0\u00bbr\u00e9volutionnaire\u00a0\u00bb, et ne d\u00e9truisez pas l\u2019\u0153uvre de vos illustres pr\u00e9d\u00e9cesseurs. C\u2019est de l\u2019\u00c9tat qu\u2019il s\u2019agit\u00a0!<\/p>\n<p>Auteur:<br \/>\n<a href=\"https:\/\/www.leaders.com.tn\/article\/29875-la-solution-eradicatrice-du-ministre-du-commerce-mohamed-msilini-qui-veut-fermer-les-bureaux-du-cepex-a-l-etranger\">Cliquez ici pour lire l&rsquo;article depuis sa source.<\/a><\/p>\n","protected":false},"excerpt":{"rendered":"<p>Un ministre peut-il se croire tout permis\u00a0? Mohamed Msilini en charge du commerce n\u2019est pas \u00e0 sa premi\u00e8re frasque en fausses man\u0153uvres d\u00e9plorables. Il vient d\u2019annoncer que les 13 bureaux du Cepex \u00e0 l\u2019\u00e9tranger pourraient faire l\u2019objet de fermeture. Quelle outrecuidance\u00a0! Le d\u00e9mant\u00e8lement de ce r\u00e9seau d\u2019appui aux exportateurs, b\u00e2ti aux prix de grands efforts [&hellip;]<\/p>\n","protected":false},"author":1772,"featured_media":0,"comment_status":"closed","ping_status":"closed","sticky":false,"template":"","format":"standard","meta":{"fifu_image_url":"","fifu_image_alt":"","footnotes":""},"categories":[73,55],"tags":[],"class_list":["post-84674","post","type-post","status-publish","format-standard","hentry","category-actualite","category-tunisie"],"_links":{"self":[{"href":"https:\/\/linitiative.ca\/International\/wp-json\/wp\/v2\/posts\/84674","targetHints":{"allow":["GET"]}}],"collection":[{"href":"https:\/\/linitiative.ca\/International\/wp-json\/wp\/v2\/posts"}],"about":[{"href":"https:\/\/linitiative.ca\/International\/wp-json\/wp\/v2\/types\/post"}],"author":[{"embeddable":true,"href":"https:\/\/linitiative.ca\/International\/wp-json\/wp\/v2\/users\/1772"}],"replies":[{"embeddable":true,"href":"https:\/\/linitiative.ca\/International\/wp-json\/wp\/v2\/comments?post=84674"}],"version-history":[{"count":0,"href":"https:\/\/linitiative.ca\/International\/wp-json\/wp\/v2\/posts\/84674\/revisions"}],"wp:attachment":[{"href":"https:\/\/linitiative.ca\/International\/wp-json\/wp\/v2\/media?parent=84674"}],"wp:term":[{"taxonomy":"category","embeddable":true,"href":"https:\/\/linitiative.ca\/International\/wp-json\/wp\/v2\/categories?post=84674"},{"taxonomy":"post_tag","embeddable":true,"href":"https:\/\/linitiative.ca\/International\/wp-json\/wp\/v2\/tags?post=84674"}],"curies":[{"name":"wp","href":"https:\/\/api.w.org\/{rel}","templated":true}]}}