{"id":84676,"date":"2020-05-07T14:00:00","date_gmt":"2020-05-07T18:00:00","guid":{"rendered":"https:\/\/linitiative.ca\/International\/hedi-behi-lhumanite-sera-t-elle-sauvee-des-eaux\/"},"modified":"2020-05-07T14:00:00","modified_gmt":"2020-05-07T18:00:00","slug":"hedi-behi-lhumanite-sera-t-elle-sauvee-des-eaux","status":"publish","type":"post","link":"https:\/\/linitiative.ca\/International\/hedi-behi-lhumanite-sera-t-elle-sauvee-des-eaux\/","title":{"rendered":"H\u00e9di B\u00e9hi: L\u2019humanit\u00e9 sera-t-elle sauv\u00e9e des eaux?"},"content":{"rendered":"<p><img decoding=\"async\" src=\"\/uploads\/FCK_files\/Hedi-Behi(40).jpg\" alt=\"\" width=\"30%\" vspace=\"5\" hspace=\"5\" align=\"right\"\/>On croit r\u00eaver: il aura suffi d&rsquo;un virus pour \u00eatre accul\u00e9s au bricolage, aux vieilles recettes de nos grand-m\u00e8res, aux confinements, et \u00e0 la distanciation physique, faute de traitement ou de vaccin, comme aux heures les plus sombres de l\u2019humanit\u00e9.<\/p>\n<p>Le coronavirus est un point de fracture dans l\u2019histoire de\u00a0 l\u2019humanit\u00e9. Il y aura d\u00e9sormais un avant et un apr\u00e8s coronavirus. Jamais? on n&rsquo;aura paru aussi vuln\u00e9rable. Pascal compara\u00eet il y a quatre si\u00e8cles l\u2019homme au roseau pensant. De fait, de toutes les cr\u00e9atures, il est le seul \u00e0 \u00eatre dou\u00e9 de raison. Il a travers\u00e9 les \u00e2ges,r\u00e9alis\u00e9 des prouesses dont il est seul capable, conquis l&rsquo;espace, fait faire aux sciences et \u00e0 la m\u00e9decine en particulier des progr\u00e8s prodigieux en \u00e9radiquant les \u00e9pid\u00e9mies, courantes au moyen \u00e2ge, dompt\u00e9 la nature. Au point d&rsquo;oublier l&rsquo;essentiel, ses fragilit\u00e9s. Lorsque nos grand m\u00e8res \u00e9voquaient devant nous les fl\u00e9aux qu&rsquo;elles avaient v\u00e9cues tout au long du si\u00e8cle, comme la peste noire, le chol\u00e9ra, les famines, les inondations c&rsquo;est \u00e0 peine qu&rsquo;on leur pr\u00eatait l&rsquo;oreille, convaincus que nous en sommes immunis\u00e9s.<\/p>\n<p>A\u00a0 quelque chose, malheur est bon. Cette crise malgr\u00e9 les d\u00e9g\u00e2ts qu&rsquo;elle a provoqu\u00e9s dans le monde entier, nous a dessill\u00e9 les yeux sur nos faiblesses. Coronavirus, c&rsquo;est une simple piq\u00fbre de rappel. Le pire est peut-\u00eatre \u00e0 venir. Les d\u00e9r\u00e8glements climatiques, la pollution, l&rsquo;urbanisation sauvage, les pesticides, l&rsquo;\u00e9puisement des \u00e9nergies fossiles, tout cela ce sont des signes avant-coureurs d&rsquo;une catastrophe qui semble in\u00e9vitable.<\/p>\n<p>Cette pand\u00e9mie alimentera les conversations pour longtemps dans les chaumi\u00e8res.Tirons-en les enseignements. Ne ratons pas cette opportunit\u00e9 pour nous amender. Nous sommes en train de vivre des heures historiques, un moment o\u00f9 notre rapport \u00e0 la vie comme \u00e0 la\u00a0 mort ne sera jamais plus le m\u00eame.<\/p>\n<p class=\"c2\">&#8230;&#8230;&#8230;&#8230;&#8230;&#8230;&#8230;&#8230;&#8230;&#8230;&#8230;&#8230;&#8230;&#8230;&#8230;&#8230;&#8230;&#8230;&#8230;&#8230;&#8230;&#8230;&#8230;&#8230;&#8230;&#8230;&#8230;..<\/p>\n<p>Il y a quelques jours, le Premier ministre fran\u00e7ais pr\u00e9sentait son plan de d\u00e9confinement \u00e0 l\u2019Assembl\u00e9e nationale. D\u00e9bats passionn\u00e9s comme pr\u00e9vu. Ils ont leurs populistes qui r\u00eavent du grand soir mais qui savent jusqu\u2019o\u00f9 il ne faut pas aller trop loin. Instinctivement, ils ont compris que l\u2019heure n\u2019\u00e9tait plus aux invectives mais \u00e0 l&rsquo;union sacr\u00e9e. Par charit\u00e9, nous n\u2019allons pas \u00e9tablir un parall\u00e8le\u00a0 avec notre ARP. Deux si\u00e8cles nous s\u00e9parent d\u2019eux. Il para\u00eet que la d\u00e9mocratie requiert un minimum de rationalit\u00e9 pour prosp\u00e9rer dans un pays. Faute de quoi, elle tourne \u00e0 l\u2019anarchie.<\/p>\n<p class=\"c3\"><strong>H\u00e9di B\u00e9hi<\/strong><\/p>\n<p>Auteur:<br \/>\n<a href=\"https:\/\/www.leaders.com.tn\/article\/29870-hedi-behi-l-humanite-sera-t-elle-sauvee-des-eaux\">Cliquez ici pour lire l&rsquo;article depuis sa source.<\/a><\/p>\n","protected":false},"excerpt":{"rendered":"<p>On croit r\u00eaver: il aura suffi d&rsquo;un virus pour \u00eatre accul\u00e9s au bricolage, aux vieilles recettes de nos grand-m\u00e8res, aux confinements, et \u00e0 la distanciation physique, faute de traitement ou de vaccin, comme aux heures les plus sombres de l\u2019humanit\u00e9. Le coronavirus est un point de fracture dans l\u2019histoire de\u00a0 l\u2019humanit\u00e9. Il y aura d\u00e9sormais [&hellip;]<\/p>\n","protected":false},"author":1772,"featured_media":84677,"comment_status":"closed","ping_status":"closed","sticky":false,"template":"","format":"standard","meta":{"fifu_image_url":"","fifu_image_alt":"","footnotes":""},"categories":[73,55],"tags":[],"class_list":["post-84676","post","type-post","status-publish","format-standard","has-post-thumbnail","hentry","category-actualite","category-tunisie"],"_links":{"self":[{"href":"https:\/\/linitiative.ca\/International\/wp-json\/wp\/v2\/posts\/84676","targetHints":{"allow":["GET"]}}],"collection":[{"href":"https:\/\/linitiative.ca\/International\/wp-json\/wp\/v2\/posts"}],"about":[{"href":"https:\/\/linitiative.ca\/International\/wp-json\/wp\/v2\/types\/post"}],"author":[{"embeddable":true,"href":"https:\/\/linitiative.ca\/International\/wp-json\/wp\/v2\/users\/1772"}],"replies":[{"embeddable":true,"href":"https:\/\/linitiative.ca\/International\/wp-json\/wp\/v2\/comments?post=84676"}],"version-history":[{"count":0,"href":"https:\/\/linitiative.ca\/International\/wp-json\/wp\/v2\/posts\/84676\/revisions"}],"wp:featuredmedia":[{"embeddable":true,"href":"https:\/\/linitiative.ca\/International\/wp-json\/"}],"wp:attachment":[{"href":"https:\/\/linitiative.ca\/International\/wp-json\/wp\/v2\/media?parent=84676"}],"wp:term":[{"taxonomy":"category","embeddable":true,"href":"https:\/\/linitiative.ca\/International\/wp-json\/wp\/v2\/categories?post=84676"},{"taxonomy":"post_tag","embeddable":true,"href":"https:\/\/linitiative.ca\/International\/wp-json\/wp\/v2\/tags?post=84676"}],"curies":[{"name":"wp","href":"https:\/\/api.w.org\/{rel}","templated":true}]}}