{"id":84679,"date":"2020-05-07T01:00:00","date_gmt":"2020-05-07T05:00:00","guid":{"rendered":"https:\/\/linitiative.ca\/International\/feuilletes-aux-thon-et-pommes-de-terre\/"},"modified":"2020-05-07T01:00:00","modified_gmt":"2020-05-07T05:00:00","slug":"feuilletes-aux-thon-et-pommes-de-terre","status":"publish","type":"post","link":"https:\/\/linitiative.ca\/International\/feuilletes-aux-thon-et-pommes-de-terre\/","title":{"rendered":"Feuillet\u00e9s aux thon et pommes de terre"},"content":{"rendered":"<p>1 p\u00e2te feuillet\u00e9e, 2 bo\u00eetes de thon, 1 grande ou 2 pommes de terre moyennes coup\u00e9es en d\u00e9s et cuites \u00e0 l\u2019eau, persil\/coriandre, 1 c. \u00e0 c. de poivre, cumin, piment doux, sel, huile (1 c. \u00e0 c.)<\/p>\n<p>M\u00e9langer les ingr\u00e9dients de la farce. Etaler la p\u00e2te feuillet\u00e9e et d\u00e9couper des carr\u00e9s. Prendre chaque carr\u00e9 \u00e0 part, y mettre la farce et couvrir avec un autre carr\u00e9, puis souder les c\u00f4t\u00e9s.\u00a0<br \/>Badigeonner de jaune d\u2019\u0153uf, parsemer de graines de s\u00e9same et cuire au four.<\/p>\n<p>Auteur:<br \/>\n<a href=\"https:\/\/www.lesoirdalgerie.com\/femme-magazine\/feuilletes-aux-thon-et-pommes-de-terre-42145\">Cliquez ici pour lire l&rsquo;article depuis sa source.<\/a><\/p>\n","protected":false},"excerpt":{"rendered":"<p>1 p\u00e2te feuillet\u00e9e, 2 bo\u00eetes de thon, 1 grande ou 2 pommes de terre moyennes coup\u00e9es en d\u00e9s et cuites \u00e0 l\u2019eau, persil\/coriandre, 1 c. \u00e0 c. de poivre, cumin, piment doux, sel, huile (1 c. \u00e0 c.) M\u00e9langer les ingr\u00e9dients de la farce. Etaler la p\u00e2te feuillet\u00e9e et d\u00e9couper des carr\u00e9s. Prendre chaque carr\u00e9 [&hellip;]<\/p>\n","protected":false},"author":1741,"featured_media":0,"comment_status":"closed","ping_status":"closed","sticky":false,"template":"","format":"standard","meta":{"fifu_image_url":"","fifu_image_alt":"","footnotes":""},"categories":[73,53],"tags":[],"class_list":["post-84679","post","type-post","status-publish","format-standard","hentry","category-actualite","category-algerie"],"_links":{"self":[{"href":"https:\/\/linitiative.ca\/International\/wp-json\/wp\/v2\/posts\/84679","targetHints":{"allow":["GET"]}}],"collection":[{"href":"https:\/\/linitiative.ca\/International\/wp-json\/wp\/v2\/posts"}],"about":[{"href":"https:\/\/linitiative.ca\/International\/wp-json\/wp\/v2\/types\/post"}],"author":[{"embeddable":true,"href":"https:\/\/linitiative.ca\/International\/wp-json\/wp\/v2\/users\/1741"}],"replies":[{"embeddable":true,"href":"https:\/\/linitiative.ca\/International\/wp-json\/wp\/v2\/comments?post=84679"}],"version-history":[{"count":0,"href":"https:\/\/linitiative.ca\/International\/wp-json\/wp\/v2\/posts\/84679\/revisions"}],"wp:attachment":[{"href":"https:\/\/linitiative.ca\/International\/wp-json\/wp\/v2\/media?parent=84679"}],"wp:term":[{"taxonomy":"category","embeddable":true,"href":"https:\/\/linitiative.ca\/International\/wp-json\/wp\/v2\/categories?post=84679"},{"taxonomy":"post_tag","embeddable":true,"href":"https:\/\/linitiative.ca\/International\/wp-json\/wp\/v2\/tags?post=84679"}],"curies":[{"name":"wp","href":"https:\/\/api.w.org\/{rel}","templated":true}]}}