{"id":84681,"date":"2020-05-07T01:00:00","date_gmt":"2020-05-07T05:00:00","guid":{"rendered":"https:\/\/linitiative.ca\/International\/cervelle-a-la-marocaine\/"},"modified":"2020-05-07T01:00:00","modified_gmt":"2020-05-07T05:00:00","slug":"cervelle-a-la-marocaine","status":"publish","type":"post","link":"https:\/\/linitiative.ca\/International\/cervelle-a-la-marocaine\/","title":{"rendered":"Cervelle \u00e0 la marocaine"},"content":{"rendered":"<p>2 cervelles de veau, 6 \u0153ufs, 8 gousses d&rsquo;ail hach\u00e9es, 4 c. \u00e0 s. d&rsquo;huile d&rsquo;olive, sel, cumin, piment doux.<\/p>\n<p>Faire d\u00e9gorger les cervelles dans\u00a0 de l\u2019eau froide vinaigr\u00e9e, les d\u00e9barrasser de la mince membrane qui les enveloppe, les couper en morceaux. Mettre 1 verre d&rsquo;eau dans une po\u00eale \u00e9paisse, ajouter les morceaux de cervelle, les gousses d&rsquo;ail hach\u00e9es, laisser cuire jusqu&rsquo;\u00e0 l&rsquo;\u00e9vaporation d&rsquo;eau, ajouter l&rsquo;huile d\u2019olive, les \u00e9pices, les \u0153ufs battus et remuer avec une cuill\u00e8re en bois. Servir aussit\u00f4t.<\/p>\n<p>Auteur:<br \/>\n<a href=\"https:\/\/www.lesoirdalgerie.com\/femme-magazine\/cervelle-a-la-marocaine-42143\">Cliquez ici pour lire l&rsquo;article depuis sa source.<\/a><\/p>\n","protected":false},"excerpt":{"rendered":"<p>2 cervelles de veau, 6 \u0153ufs, 8 gousses d&rsquo;ail hach\u00e9es, 4 c. \u00e0 s. d&rsquo;huile d&rsquo;olive, sel, cumin, piment doux. Faire d\u00e9gorger les cervelles dans\u00a0 de l\u2019eau froide vinaigr\u00e9e, les d\u00e9barrasser de la mince membrane qui les enveloppe, les couper en morceaux. Mettre 1 verre d&rsquo;eau dans une po\u00eale \u00e9paisse, ajouter les morceaux de cervelle, [&hellip;]<\/p>\n","protected":false},"author":1741,"featured_media":0,"comment_status":"closed","ping_status":"closed","sticky":false,"template":"","format":"standard","meta":{"fifu_image_url":"","fifu_image_alt":"","footnotes":""},"categories":[73,53],"tags":[],"class_list":["post-84681","post","type-post","status-publish","format-standard","hentry","category-actualite","category-algerie"],"_links":{"self":[{"href":"https:\/\/linitiative.ca\/International\/wp-json\/wp\/v2\/posts\/84681","targetHints":{"allow":["GET"]}}],"collection":[{"href":"https:\/\/linitiative.ca\/International\/wp-json\/wp\/v2\/posts"}],"about":[{"href":"https:\/\/linitiative.ca\/International\/wp-json\/wp\/v2\/types\/post"}],"author":[{"embeddable":true,"href":"https:\/\/linitiative.ca\/International\/wp-json\/wp\/v2\/users\/1741"}],"replies":[{"embeddable":true,"href":"https:\/\/linitiative.ca\/International\/wp-json\/wp\/v2\/comments?post=84681"}],"version-history":[{"count":0,"href":"https:\/\/linitiative.ca\/International\/wp-json\/wp\/v2\/posts\/84681\/revisions"}],"wp:attachment":[{"href":"https:\/\/linitiative.ca\/International\/wp-json\/wp\/v2\/media?parent=84681"}],"wp:term":[{"taxonomy":"category","embeddable":true,"href":"https:\/\/linitiative.ca\/International\/wp-json\/wp\/v2\/categories?post=84681"},{"taxonomy":"post_tag","embeddable":true,"href":"https:\/\/linitiative.ca\/International\/wp-json\/wp\/v2\/tags?post=84681"}],"curies":[{"name":"wp","href":"https:\/\/api.w.org\/{rel}","templated":true}]}}