{"id":84682,"date":"2020-05-07T01:00:00","date_gmt":"2020-05-07T05:00:00","guid":{"rendered":"https:\/\/linitiative.ca\/International\/le-riz-au-lait\/"},"modified":"2020-05-07T01:00:00","modified_gmt":"2020-05-07T05:00:00","slug":"le-riz-au-lait","status":"publish","type":"post","link":"https:\/\/linitiative.ca\/International\/le-riz-au-lait\/","title":{"rendered":"Le riz au lait"},"content":{"rendered":"<p>Personnes : 6<br \/>Temps Total : 50 min<br \/>Pr\u00e9paration : 5 min<br \/>Cuisson : 45 min<\/p>\n<p>\u2022 100 g de riz\u00a0 basmati<br \/>\u2022 600 ml de lait<br \/>\u2022 4 cuill\u00e8res \u00e0 soupe de sucre<br \/>\u2022 4 graines de cardamome verte<br \/>\u2022 1 cuill\u00e8re \u00e0 soupe d&rsquo;amandes effil\u00e9es<br \/>\u2022 1 cuill\u00e8re \u00e0 soupe de pistaches (non sal\u00e9es !) \u00e9cras\u00e9es \/ si vous n&rsquo;en trouvez pas, la recette est tr\u00e8s bonne sans aussi.<br \/>\u2022 1 dose de safran<\/p>\n<p>1. Papa met le lait, les graines de cardamome \u00e9cras\u00e9es et le riz dans une casserole et porte le tout \u00e0 \u00e9bullition.<br \/>\u00a0Faire cuire ensuite \u00e0 petits bouillons, jusqu\u2019\u00e0 ce que le riz soit tr\u00e8s cuit (les grains doivent commencer \u00e0 se d\u00e9faire).<br \/>2. Les enfants , ajoutez\u00a0 alors les amandes et les pistaches et faites cuire encore quelques minutes.<br \/>3. Mamam rajoute le sucre \u00e0 la fin et le dilue dans la pr\u00e9paration en tournant.<br \/>4. Servir ti\u00e8de ou frais.<\/p>\n<p>Auteur:<br \/>\n<a href=\"https:\/\/www.lesoirdalgerie.com\/femme-magazine\/le-riz-au-lait-42142\">Cliquez ici pour lire l&rsquo;article depuis sa source.<\/a><\/p>\n","protected":false},"excerpt":{"rendered":"<p>Personnes : 6Temps Total : 50 minPr\u00e9paration : 5 minCuisson : 45 min \u2022 100 g de riz\u00a0 basmati\u2022 600 ml de lait\u2022 4 cuill\u00e8res \u00e0 soupe de sucre\u2022 4 graines de cardamome verte\u2022 1 cuill\u00e8re \u00e0 soupe d&rsquo;amandes effil\u00e9es\u2022 1 cuill\u00e8re \u00e0 soupe de pistaches (non sal\u00e9es !) \u00e9cras\u00e9es \/ si vous n&rsquo;en trouvez [&hellip;]<\/p>\n","protected":false},"author":1741,"featured_media":0,"comment_status":"closed","ping_status":"closed","sticky":false,"template":"","format":"standard","meta":{"fifu_image_url":"","fifu_image_alt":"","footnotes":""},"categories":[73,53],"tags":[],"class_list":["post-84682","post","type-post","status-publish","format-standard","hentry","category-actualite","category-algerie"],"_links":{"self":[{"href":"https:\/\/linitiative.ca\/International\/wp-json\/wp\/v2\/posts\/84682","targetHints":{"allow":["GET"]}}],"collection":[{"href":"https:\/\/linitiative.ca\/International\/wp-json\/wp\/v2\/posts"}],"about":[{"href":"https:\/\/linitiative.ca\/International\/wp-json\/wp\/v2\/types\/post"}],"author":[{"embeddable":true,"href":"https:\/\/linitiative.ca\/International\/wp-json\/wp\/v2\/users\/1741"}],"replies":[{"embeddable":true,"href":"https:\/\/linitiative.ca\/International\/wp-json\/wp\/v2\/comments?post=84682"}],"version-history":[{"count":0,"href":"https:\/\/linitiative.ca\/International\/wp-json\/wp\/v2\/posts\/84682\/revisions"}],"wp:attachment":[{"href":"https:\/\/linitiative.ca\/International\/wp-json\/wp\/v2\/media?parent=84682"}],"wp:term":[{"taxonomy":"category","embeddable":true,"href":"https:\/\/linitiative.ca\/International\/wp-json\/wp\/v2\/categories?post=84682"},{"taxonomy":"post_tag","embeddable":true,"href":"https:\/\/linitiative.ca\/International\/wp-json\/wp\/v2\/tags?post=84682"}],"curies":[{"name":"wp","href":"https:\/\/api.w.org\/{rel}","templated":true}]}}