{"id":84684,"date":"2020-05-07T12:13:39","date_gmt":"2020-05-07T16:13:39","guid":{"rendered":"https:\/\/linitiative.ca\/International\/et-si-on-parlait-football\/"},"modified":"2020-05-07T12:13:39","modified_gmt":"2020-05-07T16:13:39","slug":"et-si-on-parlait-football","status":"publish","type":"post","link":"https:\/\/linitiative.ca\/International\/et-si-on-parlait-football\/","title":{"rendered":"Et si on parlait football\u00a0?"},"content":{"rendered":"<p>C\u2019est ce jeudi que le bureau de la <strong>FRMF<\/strong> doit se r\u00e9unir pour \u00e9tudier la suite \u00e0 donner aux comp\u00e9titions nationales. La d\u00e9cision finale appartient aux autorit\u00e9s politiques et doit s\u2019int\u00e9grer au plan de d\u00e9confinement g\u00e9n\u00e9ral. A l\u2019heure o\u00f9 ces lignes sont \u00e9crites, nous ne disposons d\u2019aucune information.<\/p>\n<div class=\"c10\"\/>\n<p>Ailleurs, ce dossier avait deux volets\u00a0: l\u2019\u00e9conomique et le sportif. Il s\u2019agit de comp\u00e9titions qui brassent des milliards d\u2019euros, qui concernent des dizaines de milliers d\u2019emplois directs ou indirects. C\u2019est un secteur \u00e9conomique qui est trait\u00e9 comme tel. S\u2019il s\u2019arr\u00eate, les recettes t\u00e9l\u00e9 et publicitaires s\u2019arr\u00eatent et les clubs entreprises font faillite.<\/p>\n<p>Chaque pays a eu sa propre r\u00e9action. S\u2019il est absurde de r\u00e9fl\u00e9chir \u00e0 la pr\u00e9sence du public, m\u00eame si on est en plein air, tous les <strong>championnats<\/strong> importants, ceux qui brassent le plus d\u2019argent, reprendront avec des matchs \u00e0 huis clos, pour finir la saison\u2026 et \u00eatre pay\u00e9 par les diffuseurs.<\/p>\n<p>Sur le plan sportif, il y a les coupes d\u2019Europe \u00e0 finir et les titres nationaux et le classement d\u00e9finitif \u00e0 \u00e9tablir. La France a choisi de se comporter comme les championnats mineurs et d\u2019arr\u00eater la comp\u00e9tition. La grande victime sera le PSG. En quarts de finale de ligue des champions, pr\u00e9vus au mois d\u2019ao\u00fbt, apr\u00e8s la fin des championnats, le club parisien rencontrera un adversaire qui aura dix matchs dans les jambes, alors que les copains de M\u2019Bapp\u00e9 sont en cong\u00e9 depuis mars.<\/p>\n<p>Au Maroc, sinc\u00e8rement, l\u2019aspect \u00e9conomique est minime. Nos clubs sont sous respiration artificielle, avec des recettes\u00a0familiques totalement r\u00e9serv\u00e9es \u00e0 l\u2019\u00e9quipe premi\u00e8re. Mais l\u2019aspect sportif est tr\u00e8s important. D\u00e9cerner le titre et les mont\u00e9es sur la base des classements actuels seraient un scandale. Le Raja a deux matchs en retard et Berkane et le WAC sont \u00e0 touche-touche. Sur le plan africain, nous avons 4 \u00e9quipes en demi-finales ; nous leur enlevons toute chance si nous ne reprenons pas le championnat. Et puis, il y a la Coupe Mohammed VI et ses 7 millions de dollars de prix, le Raja est \u00e0 deux matchs, tous les deux jou\u00e9s \u00e0 domicile pour remporter le troph\u00e9e. Si cela ne suffit pas pour terminer le championnat \u00e0 <strong>huis clos<\/strong>, alors annoncez la mort du football. Les supporters se rabattront sur city, Liverpool, le Real, le Bar\u00e7a, Munich, qui offrent un grand spectacle.<\/p>\n<div class=\"c17\">\n<fieldset class=\"c16\">\n<legend><strong><span class=\"c11\">Challenge<\/span><span class=\"c12\">news<\/span><\/strong><\/legend>\n<div class=\"c15\">Le meilleur de Challenge s\u00e9lectionn\u00e9 par la r\u00e9daction :<\/p>\n<\/div>\n<\/fieldset>\n<\/div>\n<p>Auteur: Jamal Berraoui<br \/>\n<a href=\"https:\/\/www.challenge.ma\/et-si-on-parlait-football-139730\/\">Cliquez ici pour lire l&rsquo;article depuis sa source.<\/a><\/p>\n","protected":false},"excerpt":{"rendered":"<p>C\u2019est ce jeudi que le bureau de la FRMF doit se r\u00e9unir pour \u00e9tudier la suite \u00e0 donner aux comp\u00e9titions nationales. La d\u00e9cision finale appartient aux autorit\u00e9s politiques et doit s\u2019int\u00e9grer au plan de d\u00e9confinement g\u00e9n\u00e9ral. A l\u2019heure o\u00f9 ces lignes sont \u00e9crites, nous ne disposons d\u2019aucune information. Ailleurs, ce dossier avait deux volets\u00a0: l\u2019\u00e9conomique [&hellip;]<\/p>\n","protected":false},"author":1787,"featured_media":0,"comment_status":"closed","ping_status":"closed","sticky":false,"template":"","format":"standard","meta":{"fifu_image_url":"","fifu_image_alt":"","footnotes":""},"categories":[78,54],"tags":[],"class_list":["post-84684","post","type-post","status-publish","format-standard","hentry","category-economie","category-maroc"],"_links":{"self":[{"href":"https:\/\/linitiative.ca\/International\/wp-json\/wp\/v2\/posts\/84684","targetHints":{"allow":["GET"]}}],"collection":[{"href":"https:\/\/linitiative.ca\/International\/wp-json\/wp\/v2\/posts"}],"about":[{"href":"https:\/\/linitiative.ca\/International\/wp-json\/wp\/v2\/types\/post"}],"author":[{"embeddable":true,"href":"https:\/\/linitiative.ca\/International\/wp-json\/wp\/v2\/users\/1787"}],"replies":[{"embeddable":true,"href":"https:\/\/linitiative.ca\/International\/wp-json\/wp\/v2\/comments?post=84684"}],"version-history":[{"count":0,"href":"https:\/\/linitiative.ca\/International\/wp-json\/wp\/v2\/posts\/84684\/revisions"}],"wp:attachment":[{"href":"https:\/\/linitiative.ca\/International\/wp-json\/wp\/v2\/media?parent=84684"}],"wp:term":[{"taxonomy":"category","embeddable":true,"href":"https:\/\/linitiative.ca\/International\/wp-json\/wp\/v2\/categories?post=84684"},{"taxonomy":"post_tag","embeddable":true,"href":"https:\/\/linitiative.ca\/International\/wp-json\/wp\/v2\/tags?post=84684"}],"curies":[{"name":"wp","href":"https:\/\/api.w.org\/{rel}","templated":true}]}}