{"id":84686,"date":"2020-05-07T14:25:54","date_gmt":"2020-05-07T18:25:54","guid":{"rendered":"https:\/\/linitiative.ca\/International\/coronavirus-voici-le-plan-de-deconfinement\/"},"modified":"2020-05-07T14:25:54","modified_gmt":"2020-05-07T18:25:54","slug":"coronavirus-voici-le-plan-de-deconfinement","status":"publish","type":"post","link":"https:\/\/linitiative.ca\/International\/coronavirus-voici-le-plan-de-deconfinement\/","title":{"rendered":"Coronavirus : voici le plan de d\u00e9confinement"},"content":{"rendered":"<p><strong>A moins de deux semaines de la fin de l\u2019\u00e9tat d\u2019urgence sanitaire, le minist\u00e8re de la Sant\u00e9 a diffus\u00e9 la feuille de route de la lev\u00e9e du confinement. La voici.<\/strong><\/p>\n<div class=\"c16\">\n<fieldset class=\"c15\">\n<legend><strong><span class=\"c10\">Challenge<\/span><span class=\"c11\">news<\/span><\/strong><\/legend>\n<div class=\"c14\">Le meilleur de Challenge s\u00e9lectionn\u00e9 par la r\u00e9daction :<\/p>\n<\/div>\n<\/fieldset>\n<\/div>\n<p>Auteur: Karim Handaoui<br \/>\n<a href=\"https:\/\/www.challenge.ma\/coronavirus-voici-le-plan-de-deconfinement-139763\/\">Cliquez ici pour lire l&rsquo;article depuis sa source.<\/a><\/p>\n","protected":false},"excerpt":{"rendered":"<p>A moins de deux semaines de la fin de l\u2019\u00e9tat d\u2019urgence sanitaire, le minist\u00e8re de la Sant\u00e9 a diffus\u00e9 la feuille de route de la lev\u00e9e du confinement. La voici. Challengenews Le meilleur de Challenge s\u00e9lectionn\u00e9 par la r\u00e9daction : Auteur: Karim Handaoui Cliquez ici pour lire l&rsquo;article depuis sa source.<\/p>\n","protected":false},"author":1787,"featured_media":0,"comment_status":"closed","ping_status":"closed","sticky":false,"template":"","format":"standard","meta":{"fifu_image_url":"","fifu_image_alt":"","footnotes":""},"categories":[78,54],"tags":[],"class_list":["post-84686","post","type-post","status-publish","format-standard","hentry","category-economie","category-maroc"],"_links":{"self":[{"href":"https:\/\/linitiative.ca\/International\/wp-json\/wp\/v2\/posts\/84686","targetHints":{"allow":["GET"]}}],"collection":[{"href":"https:\/\/linitiative.ca\/International\/wp-json\/wp\/v2\/posts"}],"about":[{"href":"https:\/\/linitiative.ca\/International\/wp-json\/wp\/v2\/types\/post"}],"author":[{"embeddable":true,"href":"https:\/\/linitiative.ca\/International\/wp-json\/wp\/v2\/users\/1787"}],"replies":[{"embeddable":true,"href":"https:\/\/linitiative.ca\/International\/wp-json\/wp\/v2\/comments?post=84686"}],"version-history":[{"count":0,"href":"https:\/\/linitiative.ca\/International\/wp-json\/wp\/v2\/posts\/84686\/revisions"}],"wp:attachment":[{"href":"https:\/\/linitiative.ca\/International\/wp-json\/wp\/v2\/media?parent=84686"}],"wp:term":[{"taxonomy":"category","embeddable":true,"href":"https:\/\/linitiative.ca\/International\/wp-json\/wp\/v2\/categories?post=84686"},{"taxonomy":"post_tag","embeddable":true,"href":"https:\/\/linitiative.ca\/International\/wp-json\/wp\/v2\/tags?post=84686"}],"curies":[{"name":"wp","href":"https:\/\/api.w.org\/{rel}","templated":true}]}}