{"id":84690,"date":"2020-05-07T16:37:33","date_gmt":"2020-05-07T20:37:33","guid":{"rendered":"https:\/\/linitiative.ca\/International\/election-a-la-caf-tarek-bouchamaoui-na-pas-encore-decide-detre-candidat\/"},"modified":"2020-05-07T16:37:33","modified_gmt":"2020-05-07T20:37:33","slug":"election-a-la-caf-tarek-bouchamaoui-na-pas-encore-decide-detre-candidat","status":"publish","type":"post","link":"https:\/\/linitiative.ca\/International\/election-a-la-caf-tarek-bouchamaoui-na-pas-encore-decide-detre-candidat\/","title":{"rendered":"Election \u00e0 la CAF : Tarek Bouchamaoui n\u2019a pas encore d\u00e9cid\u00e9 d\u2019\u00eatre candidat"},"content":{"rendered":"<div class=\"post-cont-in left relative\">\n<div class=\"heateor_sss_sharing_container heateor_sss_horizontal_sharing\" heateor-sss-data-href=\"https:\/\/sport.tunisienumerique.com\/election-a-la-caf-tarek-bouchamaoui-na-pas-encore-decide-detre-candidat\/\">\n<div class=\"heateor_sss_sharing_title c4\">Cet article vous a \u00e9t\u00e9 utile? Partagez le, il int\u00e9ressera d\u2019autres personnes. Merci!<\/div>\n<ul class=\"heateor_sss_sharing_ul\">\n<li class=\"heateorSssSharingRound\"><em alt=\"Facebook\" title=\"Facebook\" class=\"heateorSssSharing heateorSssFacebookBackground c5\" onclick=\"heateorSssPopup(&quot;https:\/\/www.facebook.com\/sharer\/sharer.php?u=https%3A%2F%2Fsport.tunisienumerique.com%2Felection-a-la-caf-tarek-bouchamaoui-na-pas-encore-decide-detre-candidat%2F&quot;)\">\u00a0<\/em><\/li>\n<li class=\"heateorSssSharingRound\"><em alt=\"Twitter\" title=\"Twitter\" class=\"heateorSssSharing heateorSssTwitterBackground c5\" onclick=\"heateorSssPopup(&quot;http:\/\/twitter.com\/intent\/tweet?text=Election%20%C3%A0%20la%20CAF%20%3A%20Tarek%20Bouchamaoui%20n%E2%80%99a%20pas%20encore%20d%C3%A9cid%C3%A9%20d%E2%80%99%C3%AAtre%20candidat&amp;url=https%3A%2F%2Fsport.tunisienumerique.com%2Felection-a-la-caf-tarek-bouchamaoui-na-pas-encore-decide-detre-candidat%2F&quot;)\">\u00a0<\/em><\/li>\n<li class=\"heateorSssSharingRound\"><em alt=\"Linkedin\" title=\"Linkedin\" class=\"heateorSssSharing heateorSssLinkedinBackground c5\" onclick=\"heateorSssPopup(&quot;http:\/\/www.linkedin.com\/shareArticle?mini=true&amp;url=https%3A%2F%2Fsport.tunisienumerique.com%2Felection-a-la-caf-tarek-bouchamaoui-na-pas-encore-decide-detre-candidat%2F&amp;title=Election%20%C3%A0%20la%20CAF%20%3A%20Tarek%20Bouchamaoui%20n%E2%80%99a%20pas%20encore%20d%C3%A9cid%C3%A9%20d%E2%80%99%C3%AAtre%20candidat&quot;)\">\u00a0<\/em><\/li>\n<li class=\"heateorSssSharingRound\"><em alt=\"Google Gmail\" title=\"Google Gmail\" class=\"heateorSssSharing heateorSssGoogleGmailBackground c5\" onclick=\"heateorSssPopup(&quot;https:\/\/mail.google.com\/mail\/?ui=2&amp;view=cm&amp;fs=1&amp;tf=1&amp;su=Election%20%C3%A0%20la%20CAF%20%3A%20Tarek%20Bouchamaoui%20n%E2%80%99a%20pas%20encore%20d%C3%A9cid%C3%A9%20d%E2%80%99%C3%AAtre%20candidat&amp;body=Link:https%3A%2F%2Fsport.tunisienumerique.com%2Felection-a-la-caf-tarek-bouchamaoui-na-pas-encore-decide-detre-candidat%2F&quot;)\">\u00a0<\/em><\/li>\n<li class=\"heateorSssSharingRound\"><em alt=\"Whatsapp\" title=\"Whatsapp\" class=\"heateorSssSharing heateorSssWhatsappBackground c5\"><a href=\"https:\/\/web.whatsapp.com\/send?text=Election%20%C3%A0%20la%20CAF%20%3A%20Tarek%20Bouchamaoui%20n%E2%80%99a%20pas%20encore%20d%C3%A9cid%C3%A9%20d%E2%80%99%C3%AAtre%20candidat%20https%3A%2F%2Fsport.tunisienumerique.com%2Felection-a-la-caf-tarek-bouchamaoui-na-pas-encore-decide-detre-candidat%2F\" rel=\"nofollow noopener noreferrer\" target=\"_blank\">\u00a0<\/a><\/em><\/li>\n<li class=\"heateorSssSharingRound\">\u00a0<\/li>\n<\/ul>\n<\/div>\n<p dir=\"ltr\">Le Tunisien Tarek Bouchamaoui n\u2019a pas encore pris de d\u00e9cision d\u00e9finitive sur une candidature pour la pr\u00e9sidence de la Conf\u00e9d\u00e9ration Africaine de Football l\u2019ann\u00e9e prochaine.<\/p>\n<p dir=\"ltr\">Son nom avait \u00e9t\u00e9 pourtant \u00e9voqu\u00e9 par plusieurs sources pour concurrencer Ahmad Ahmad.<\/p>\n<div class=\"code-block code-block-1 c7\"><ins class=\"adsbygoogle c6\" data-ad-layout=\"in-article\" data-ad-format=\"fluid\" data-ad-client=\"ca-pub-2102118777505746\" data-ad-slot=\"7301775417\"\/> <\/div>\n<p dir=\"ltr\">Personnage d\u2019habitude tr\u00e8s discret, Tarek Bouchamaoui semble \u00eatre un peu plus pr\u00e9sent ces derni\u00e8res semaines dans la presse et sur les r\u00e9seaux sociaux.<\/p>\n<p dir=\"ltr\">Le membre tunisien de la CAF et de la FIFA a indiqu\u00e9 qu\u2019il \u00e9tait encore trop t\u00f4t pour lui de prendre une telle d\u00e9cision.<\/p>\n<p><\/p>\n<div class=\"heateor_sss_sharing_container heateor_sss_horizontal_sharing\" heateor-sss-data-href=\"https:\/\/sport.tunisienumerique.com\/election-a-la-caf-tarek-bouchamaoui-na-pas-encore-decide-detre-candidat\/\">\n<div class=\"heateor_sss_sharing_title c4\">Cet article vous a \u00e9t\u00e9 utile? Partagez le, il int\u00e9ressera d\u2019autres personnes. Merci!<\/div>\n<ul class=\"heateor_sss_sharing_ul\">\n<li class=\"heateorSssSharingRound\"><em alt=\"Facebook\" title=\"Facebook\" class=\"heateorSssSharing heateorSssFacebookBackground c5\" onclick=\"heateorSssPopup(&quot;https:\/\/www.facebook.com\/sharer\/sharer.php?u=https%3A%2F%2Fsport.tunisienumerique.com%2Felection-a-la-caf-tarek-bouchamaoui-na-pas-encore-decide-detre-candidat%2F&quot;)\">\u00a0<\/em><\/li>\n<li class=\"heateorSssSharingRound\"><em alt=\"Twitter\" title=\"Twitter\" class=\"heateorSssSharing heateorSssTwitterBackground c5\" onclick=\"heateorSssPopup(&quot;http:\/\/twitter.com\/intent\/tweet?text=Election%20%C3%A0%20la%20CAF%20%3A%20Tarek%20Bouchamaoui%20n%E2%80%99a%20pas%20encore%20d%C3%A9cid%C3%A9%20d%E2%80%99%C3%AAtre%20candidat&amp;url=https%3A%2F%2Fsport.tunisienumerique.com%2Felection-a-la-caf-tarek-bouchamaoui-na-pas-encore-decide-detre-candidat%2F&quot;)\">\u00a0<\/em><\/li>\n<li class=\"heateorSssSharingRound\"><em alt=\"Linkedin\" title=\"Linkedin\" class=\"heateorSssSharing heateorSssLinkedinBackground c5\" onclick=\"heateorSssPopup(&quot;http:\/\/www.linkedin.com\/shareArticle?mini=true&amp;url=https%3A%2F%2Fsport.tunisienumerique.com%2Felection-a-la-caf-tarek-bouchamaoui-na-pas-encore-decide-detre-candidat%2F&amp;title=Election%20%C3%A0%20la%20CAF%20%3A%20Tarek%20Bouchamaoui%20n%E2%80%99a%20pas%20encore%20d%C3%A9cid%C3%A9%20d%E2%80%99%C3%AAtre%20candidat&quot;)\">\u00a0<\/em><\/li>\n<li class=\"heateorSssSharingRound\"><em alt=\"Google Gmail\" title=\"Google Gmail\" class=\"heateorSssSharing heateorSssGoogleGmailBackground c5\" onclick=\"heateorSssPopup(&quot;https:\/\/mail.google.com\/mail\/?ui=2&amp;view=cm&amp;fs=1&amp;tf=1&amp;su=Election%20%C3%A0%20la%20CAF%20%3A%20Tarek%20Bouchamaoui%20n%E2%80%99a%20pas%20encore%20d%C3%A9cid%C3%A9%20d%E2%80%99%C3%AAtre%20candidat&amp;body=Link:https%3A%2F%2Fsport.tunisienumerique.com%2Felection-a-la-caf-tarek-bouchamaoui-na-pas-encore-decide-detre-candidat%2F&quot;)\">\u00a0<\/em><\/li>\n<li class=\"heateorSssSharingRound\"><em alt=\"Whatsapp\" title=\"Whatsapp\" class=\"heateorSssSharing heateorSssWhatsappBackground c5\"><a href=\"https:\/\/web.whatsapp.com\/send?text=Election%20%C3%A0%20la%20CAF%20%3A%20Tarek%20Bouchamaoui%20n%E2%80%99a%20pas%20encore%20d%C3%A9cid%C3%A9%20d%E2%80%99%C3%AAtre%20candidat%20https%3A%2F%2Fsport.tunisienumerique.com%2Felection-a-la-caf-tarek-bouchamaoui-na-pas-encore-decide-detre-candidat%2F\" rel=\"nofollow noopener noreferrer\" target=\"_blank\">\u00a0<\/a><\/em><\/li>\n<li class=\"heateorSssSharingRound\">\u00a0<\/li>\n<\/ul>\n<\/div>\n<div class=\"mvp-org-wrap mvp-org-logo\" itemprop=\"publisher\" itemscope=\"\" itemtype=\"https:\/\/schema.org\/Organization\"><img decoding=\"async\" src=\"https:\/\/sport.tunisienumerique.com\/wp-content\/uploads\/2017\/05\/logo_tunisie_numerique.png\"\/><\/div>\n<div class=\"mvp-related-posts left relative\">\n<h4 class=\"post-header\"><span class=\"post-header\">Lire aussi<\/span><\/h4>\n<\/div>\n<div id=\"article-ad\"><ins class=\"adsbygoogle c8\" data-ad-client=\"ca-pub-2102118777505746\" data-ad-slot=\"6513972734\" data-ad-format=\"auto\" data-full-width-responsive=\"true\"\/> <\/div>\n<\/div>\n<div id=\"post-sidebar-wrap\"><ins class=\"adsbygoogle c8\" data-ad-client=\"ca-pub-2102118777505746\" data-ad-slot=\"6513972734\" data-ad-format=\"auto\" data-full-width-responsive=\"true\"\/> <\/div>\n<p>Auteur:<br \/>\n<a href=\"https:\/\/sport.tunisienumerique.com\/election-a-la-caf-tarek-bouchamaoui-na-pas-encore-decide-detre-candidat\/\">Cliquez ici pour lire l&rsquo;article depuis sa source.<\/a><\/p>\n","protected":false},"excerpt":{"rendered":"<p>Cet article vous a \u00e9t\u00e9 utile? Partagez le, il int\u00e9ressera d\u2019autres personnes. Merci! \u00a0 \u00a0 \u00a0 \u00a0 \u00a0 \u00a0 Le Tunisien Tarek Bouchamaoui n\u2019a pas encore pris de d\u00e9cision d\u00e9finitive sur une candidature pour la pr\u00e9sidence de la Conf\u00e9d\u00e9ration Africaine de Football l\u2019ann\u00e9e prochaine. Son nom avait \u00e9t\u00e9 pourtant \u00e9voqu\u00e9 par plusieurs sources pour concurrencer [&hellip;]<\/p>\n","protected":false},"author":1789,"featured_media":84691,"comment_status":"closed","ping_status":"closed","sticky":false,"template":"","format":"standard","meta":{"fifu_image_url":"","fifu_image_alt":"","footnotes":""},"categories":[73,55],"tags":[],"class_list":["post-84690","post","type-post","status-publish","format-standard","has-post-thumbnail","hentry","category-actualite","category-tunisie"],"_links":{"self":[{"href":"https:\/\/linitiative.ca\/International\/wp-json\/wp\/v2\/posts\/84690","targetHints":{"allow":["GET"]}}],"collection":[{"href":"https:\/\/linitiative.ca\/International\/wp-json\/wp\/v2\/posts"}],"about":[{"href":"https:\/\/linitiative.ca\/International\/wp-json\/wp\/v2\/types\/post"}],"author":[{"embeddable":true,"href":"https:\/\/linitiative.ca\/International\/wp-json\/wp\/v2\/users\/1789"}],"replies":[{"embeddable":true,"href":"https:\/\/linitiative.ca\/International\/wp-json\/wp\/v2\/comments?post=84690"}],"version-history":[{"count":0,"href":"https:\/\/linitiative.ca\/International\/wp-json\/wp\/v2\/posts\/84690\/revisions"}],"wp:featuredmedia":[{"embeddable":true,"href":"https:\/\/linitiative.ca\/International\/wp-json\/"}],"wp:attachment":[{"href":"https:\/\/linitiative.ca\/International\/wp-json\/wp\/v2\/media?parent=84690"}],"wp:term":[{"taxonomy":"category","embeddable":true,"href":"https:\/\/linitiative.ca\/International\/wp-json\/wp\/v2\/categories?post=84690"},{"taxonomy":"post_tag","embeddable":true,"href":"https:\/\/linitiative.ca\/International\/wp-json\/wp\/v2\/tags?post=84690"}],"curies":[{"name":"wp","href":"https:\/\/api.w.org\/{rel}","templated":true}]}}