{"id":84692,"date":"2020-05-07T16:57:13","date_gmt":"2020-05-07T20:57:13","guid":{"rendered":"https:\/\/linitiative.ca\/International\/coupe-du-monde-des-clubs-2021-pour-cette-raison-lesperance-de-tunis-va-participer\/"},"modified":"2020-05-07T16:57:13","modified_gmt":"2020-05-07T20:57:13","slug":"coupe-du-monde-des-clubs-2021-pour-cette-raison-lesperance-de-tunis-va-participer","status":"publish","type":"post","link":"https:\/\/linitiative.ca\/International\/coupe-du-monde-des-clubs-2021-pour-cette-raison-lesperance-de-tunis-va-participer\/","title":{"rendered":"Coupe du monde des clubs 2021 : Pour cette raison l\u2019Esp\u00e9rance de Tunis va participer"},"content":{"rendered":"<div class=\"post-cont-in left relative\">\n<div class=\"heateor_sss_sharing_container heateor_sss_horizontal_sharing\" heateor-sss-data-href=\"https:\/\/sport.tunisienumerique.com\/coupe-du-monde-des-clubs-2021-pour-cette-raison-lesperance-de-tunis-va-participer\/\" heateor-sss-no-counts=\"1\">\n<div class=\"heateor_sss_sharing_title c4\">Cet article vous a \u00e9t\u00e9 utile? Partagez le, il int\u00e9ressera d\u2019autres personnes. Merci!<\/div>\n<ul class=\"heateor_sss_sharing_ul\">\n<li class=\"heateorSssSharingRound\"><em alt=\"Facebook\" title=\"Facebook\" class=\"heateorSssSharing heateorSssFacebookBackground c5\" onclick=\"heateorSssPopup(&quot;https:\/\/www.facebook.com\/sharer\/sharer.php?u=https%3A%2F%2Fsport.tunisienumerique.com%2Fcoupe-du-monde-des-clubs-2021-pour-cette-raison-lesperance-de-tunis-va-participer%2F&quot;)\">\u00a0<\/em><\/li>\n<li class=\"heateorSssSharingRound\"><em alt=\"Twitter\" title=\"Twitter\" class=\"heateorSssSharing heateorSssTwitterBackground c5\" onclick=\"heateorSssPopup(&quot;http:\/\/twitter.com\/intent\/tweet?text=Coupe%20du%20monde%20des%20clubs%202021%20%3A%20Pour%20cette%20raison%20l%27Esp%C3%A9rance%20de%20Tunis%20va%20participer&amp;url=https%3A%2F%2Fsport.tunisienumerique.com%2Fcoupe-du-monde-des-clubs-2021-pour-cette-raison-lesperance-de-tunis-va-participer%2F&quot;)\">\u00a0<\/em><\/li>\n<li class=\"heateorSssSharingRound\"><em alt=\"Linkedin\" title=\"Linkedin\" class=\"heateorSssSharing heateorSssLinkedinBackground c5\" onclick=\"heateorSssPopup(&quot;http:\/\/www.linkedin.com\/shareArticle?mini=true&amp;url=https%3A%2F%2Fsport.tunisienumerique.com%2Fcoupe-du-monde-des-clubs-2021-pour-cette-raison-lesperance-de-tunis-va-participer%2F&amp;title=Coupe%20du%20monde%20des%20clubs%202021%20%3A%20Pour%20cette%20raison%20l%27Esp%C3%A9rance%20de%20Tunis%20va%20participer&quot;)\">\u00a0<\/em><\/li>\n<li class=\"heateorSssSharingRound\"><em alt=\"Google Gmail\" title=\"Google Gmail\" class=\"heateorSssSharing heateorSssGoogleGmailBackground c5\" onclick=\"heateorSssPopup(&quot;https:\/\/mail.google.com\/mail\/?ui=2&amp;view=cm&amp;fs=1&amp;tf=1&amp;su=Coupe%20du%20monde%20des%20clubs%202021%20%3A%20Pour%20cette%20raison%20l%27Esp%C3%A9rance%20de%20Tunis%20va%20participer&amp;body=Link:https%3A%2F%2Fsport.tunisienumerique.com%2Fcoupe-du-monde-des-clubs-2021-pour-cette-raison-lesperance-de-tunis-va-participer%2F&quot;)\">\u00a0<\/em><\/li>\n<li class=\"heateorSssSharingRound\"><em alt=\"Whatsapp\" title=\"Whatsapp\" class=\"heateorSssSharing heateorSssWhatsappBackground c5\"><a href=\"https:\/\/web.whatsapp.com\/send?text=Coupe%20du%20monde%20des%20clubs%202021%20%3A%20Pour%20cette%20raison%20l%27Esp%C3%A9rance%20de%20Tunis%20va%20participer%20https%3A%2F%2Fsport.tunisienumerique.com%2Fcoupe-du-monde-des-clubs-2021-pour-cette-raison-lesperance-de-tunis-va-participer%2F\" rel=\"nofollow noopener noreferrer\" target=\"_blank\">\u00a0<\/a><\/em><\/li>\n<li class=\"heateorSssSharingRound\">\u00a0<\/li>\n<\/ul>\n<\/div>\n<p dir=\"ltr\">Alors qu\u2019on a publi\u00e9 hier l\u2019information concernant la participation de l\u2019Esp\u00e9rance de Tunis \u00e0 la prochaine Coupe du monde des clubs, quelques m\u00e9dias ont indiqu\u00e9 que les Sang et Or n\u2019ont pas toujours garanti leur participation.<\/p>\n<p dir=\"ltr\">En fait, Gianni Infantino a obtenu l\u2019aval du congr\u00e8s de la Fifa qui a adopt\u00e9 les nouveaux r\u00e8glements devant r\u00e9gir la Coupe du monde des clubs \u00e0 partir de sa 18e \u00e9dition qui se d\u00e9roulera en Chine en 2021. A partir de cette \u00e9dition, la Coupe du monde des clubs se tiendra d\u00e9sormais tous les quatre ans. Le nombre des \u00e9quipes participantes passera de 8 \u00e0 24.<\/p>\n<div class=\"code-block code-block-1 c7\"><ins class=\"adsbygoogle c6\" data-ad-layout=\"in-article\" data-ad-format=\"fluid\" data-ad-client=\"ca-pub-2102118777505746\" data-ad-slot=\"7301775417\"\/> <\/div>\n<p>Gr\u00e2ce \u00e0 ces nouveaux r\u00e8glements, l\u2019Afrique sera d\u00e9sormais repr\u00e9sent\u00e9e par trois clubs et plus seulement le d\u00e9tenteur de la Ligue des champions.<\/p>\n<p dir=\"ltr\">Ces trois clubs seront les trois derniers champions de la C1 qui sont l\u2019Esp\u00e9rance, double tenant du titre 2018 et 2017, le Wydad de Casablanca, le champion de l\u2019\u00e9dition 2017, et le vainqueur de l\u2019\u00e9dition de 2020, suspendue actuellement en raison de la pand\u00e9mie de coronavirus.<\/p>\n<p><\/p>\n<div class=\"heateor_sss_sharing_container heateor_sss_horizontal_sharing\" heateor-sss-data-href=\"https:\/\/sport.tunisienumerique.com\/coupe-du-monde-des-clubs-2021-pour-cette-raison-lesperance-de-tunis-va-participer\/\" heateor-sss-no-counts=\"1\">\n<div class=\"heateor_sss_sharing_title c4\">Cet article vous a \u00e9t\u00e9 utile? Partagez le, il int\u00e9ressera d\u2019autres personnes. Merci!<\/div>\n<ul class=\"heateor_sss_sharing_ul\">\n<li class=\"heateorSssSharingRound\"><em alt=\"Facebook\" title=\"Facebook\" class=\"heateorSssSharing heateorSssFacebookBackground c5\" onclick=\"heateorSssPopup(&quot;https:\/\/www.facebook.com\/sharer\/sharer.php?u=https%3A%2F%2Fsport.tunisienumerique.com%2Fcoupe-du-monde-des-clubs-2021-pour-cette-raison-lesperance-de-tunis-va-participer%2F&quot;)\">\u00a0<\/em><\/li>\n<li class=\"heateorSssSharingRound\"><em alt=\"Twitter\" title=\"Twitter\" class=\"heateorSssSharing heateorSssTwitterBackground c5\" onclick=\"heateorSssPopup(&quot;http:\/\/twitter.com\/intent\/tweet?text=Coupe%20du%20monde%20des%20clubs%202021%20%3A%20Pour%20cette%20raison%20l%27Esp%C3%A9rance%20de%20Tunis%20va%20participer&amp;url=https%3A%2F%2Fsport.tunisienumerique.com%2Fcoupe-du-monde-des-clubs-2021-pour-cette-raison-lesperance-de-tunis-va-participer%2F&quot;)\">\u00a0<\/em><\/li>\n<li class=\"heateorSssSharingRound\"><em alt=\"Linkedin\" title=\"Linkedin\" class=\"heateorSssSharing heateorSssLinkedinBackground c5\" onclick=\"heateorSssPopup(&quot;http:\/\/www.linkedin.com\/shareArticle?mini=true&amp;url=https%3A%2F%2Fsport.tunisienumerique.com%2Fcoupe-du-monde-des-clubs-2021-pour-cette-raison-lesperance-de-tunis-va-participer%2F&amp;title=Coupe%20du%20monde%20des%20clubs%202021%20%3A%20Pour%20cette%20raison%20l%27Esp%C3%A9rance%20de%20Tunis%20va%20participer&quot;)\">\u00a0<\/em><\/li>\n<li class=\"heateorSssSharingRound\"><em alt=\"Google Gmail\" title=\"Google Gmail\" class=\"heateorSssSharing heateorSssGoogleGmailBackground c5\" onclick=\"heateorSssPopup(&quot;https:\/\/mail.google.com\/mail\/?ui=2&amp;view=cm&amp;fs=1&amp;tf=1&amp;su=Coupe%20du%20monde%20des%20clubs%202021%20%3A%20Pour%20cette%20raison%20l%27Esp%C3%A9rance%20de%20Tunis%20va%20participer&amp;body=Link:https%3A%2F%2Fsport.tunisienumerique.com%2Fcoupe-du-monde-des-clubs-2021-pour-cette-raison-lesperance-de-tunis-va-participer%2F&quot;)\">\u00a0<\/em><\/li>\n<li class=\"heateorSssSharingRound\"><em alt=\"Whatsapp\" title=\"Whatsapp\" class=\"heateorSssSharing heateorSssWhatsappBackground c5\"><a href=\"https:\/\/web.whatsapp.com\/send?text=Coupe%20du%20monde%20des%20clubs%202021%20%3A%20Pour%20cette%20raison%20l%27Esp%C3%A9rance%20de%20Tunis%20va%20participer%20https%3A%2F%2Fsport.tunisienumerique.com%2Fcoupe-du-monde-des-clubs-2021-pour-cette-raison-lesperance-de-tunis-va-participer%2F\" rel=\"nofollow noopener noreferrer\" target=\"_blank\">\u00a0<\/a><\/em><\/li>\n<li class=\"heateorSssSharingRound\">\u00a0<\/li>\n<\/ul>\n<\/div>\n<div class=\"mvp-org-wrap mvp-org-logo\" itemprop=\"publisher\" itemscope=\"\" itemtype=\"https:\/\/schema.org\/Organization\"><img decoding=\"async\" src=\"https:\/\/sport.tunisienumerique.com\/wp-content\/uploads\/2017\/05\/logo_tunisie_numerique.png\"\/><\/div>\n<div class=\"mvp-related-posts left relative\">\n<h4 class=\"post-header\"><span class=\"post-header\">Lire aussi<\/span><\/h4>\n<\/div>\n<div id=\"article-ad\"><ins class=\"adsbygoogle c8\" data-ad-client=\"ca-pub-2102118777505746\" data-ad-slot=\"6513972734\" data-ad-format=\"auto\" data-full-width-responsive=\"true\"\/> <\/div>\n<\/div>\n<div id=\"post-sidebar-wrap\"><ins class=\"adsbygoogle c8\" data-ad-client=\"ca-pub-2102118777505746\" data-ad-slot=\"6513972734\" data-ad-format=\"auto\" data-full-width-responsive=\"true\"\/> <\/div>\n<p>Auteur:<br \/>\n<a href=\"https:\/\/sport.tunisienumerique.com\/coupe-du-monde-des-clubs-2021-pour-cette-raison-lesperance-de-tunis-va-participer\/\">Cliquez ici pour lire l&rsquo;article depuis sa source.<\/a><\/p>\n","protected":false},"excerpt":{"rendered":"<p>Cet article vous a \u00e9t\u00e9 utile? Partagez le, il int\u00e9ressera d\u2019autres personnes. Merci! \u00a0 \u00a0 \u00a0 \u00a0 \u00a0 \u00a0 Alors qu\u2019on a publi\u00e9 hier l\u2019information concernant la participation de l\u2019Esp\u00e9rance de Tunis \u00e0 la prochaine Coupe du monde des clubs, quelques m\u00e9dias ont indiqu\u00e9 que les Sang et Or n\u2019ont pas toujours garanti leur participation. [&hellip;]<\/p>\n","protected":false},"author":1789,"featured_media":84693,"comment_status":"closed","ping_status":"closed","sticky":false,"template":"","format":"standard","meta":{"fifu_image_url":"","fifu_image_alt":"","footnotes":""},"categories":[73,55],"tags":[],"class_list":["post-84692","post","type-post","status-publish","format-standard","has-post-thumbnail","hentry","category-actualite","category-tunisie"],"_links":{"self":[{"href":"https:\/\/linitiative.ca\/International\/wp-json\/wp\/v2\/posts\/84692","targetHints":{"allow":["GET"]}}],"collection":[{"href":"https:\/\/linitiative.ca\/International\/wp-json\/wp\/v2\/posts"}],"about":[{"href":"https:\/\/linitiative.ca\/International\/wp-json\/wp\/v2\/types\/post"}],"author":[{"embeddable":true,"href":"https:\/\/linitiative.ca\/International\/wp-json\/wp\/v2\/users\/1789"}],"replies":[{"embeddable":true,"href":"https:\/\/linitiative.ca\/International\/wp-json\/wp\/v2\/comments?post=84692"}],"version-history":[{"count":0,"href":"https:\/\/linitiative.ca\/International\/wp-json\/wp\/v2\/posts\/84692\/revisions"}],"wp:featuredmedia":[{"embeddable":true,"href":"https:\/\/linitiative.ca\/International\/wp-json\/"}],"wp:attachment":[{"href":"https:\/\/linitiative.ca\/International\/wp-json\/wp\/v2\/media?parent=84692"}],"wp:term":[{"taxonomy":"category","embeddable":true,"href":"https:\/\/linitiative.ca\/International\/wp-json\/wp\/v2\/categories?post=84692"},{"taxonomy":"post_tag","embeddable":true,"href":"https:\/\/linitiative.ca\/International\/wp-json\/wp\/v2\/tags?post=84692"}],"curies":[{"name":"wp","href":"https:\/\/api.w.org\/{rel}","templated":true}]}}