{"id":84696,"date":"2020-05-07T17:12:19","date_gmt":"2020-05-07T21:12:19","guid":{"rendered":"https:\/\/linitiative.ca\/International\/coronavirus-3-joueurs-de-la-fiorentina-contamines\/"},"modified":"2020-05-07T17:12:19","modified_gmt":"2020-05-07T21:12:19","slug":"coronavirus-3-joueurs-de-la-fiorentina-contamines","status":"publish","type":"post","link":"https:\/\/linitiative.ca\/International\/coronavirus-3-joueurs-de-la-fiorentina-contamines\/","title":{"rendered":"Coronavirus : 3 joueurs de la Fiorentina contamin\u00e9s"},"content":{"rendered":"<div class=\"post-cont-in left relative\">\n<div class=\"heateor_sss_sharing_container heateor_sss_horizontal_sharing\" heateor-sss-data-href=\"https:\/\/sport.tunisienumerique.com\/coronavirus-3-joueurs-de-la-fiorentina-contamines\/\">\n<div class=\"heateor_sss_sharing_title c4\">Cet article vous a \u00e9t\u00e9 utile? Partagez le, il int\u00e9ressera d\u2019autres personnes. Merci!<\/div>\n<ul class=\"heateor_sss_sharing_ul\">\n<li class=\"heateorSssSharingRound\"><em alt=\"Facebook\" title=\"Facebook\" class=\"heateorSssSharing heateorSssFacebookBackground c5\" onclick=\"heateorSssPopup(&quot;https:\/\/www.facebook.com\/sharer\/sharer.php?u=https%3A%2F%2Fsport.tunisienumerique.com%2Fcoronavirus-3-joueurs-de-la-fiorentina-contamines%2F%3Ffbclid%3DIwAR168kz1n3TZpmfdwIVeTd9kmeYS6bezlMa3V29YgYbyGZG2thBir6JuCnw&quot;)\">\u00a0<\/em><\/li>\n<li class=\"heateorSssSharingRound\"><em alt=\"Twitter\" title=\"Twitter\" class=\"heateorSssSharing heateorSssTwitterBackground c5\" onclick=\"heateorSssPopup(&quot;http:\/\/twitter.com\/intent\/tweet?text=Coronavirus%20%3A%203%20joueurs%20de%20la%20Fiorentina%20contamin%C3%A9s&amp;url=https%3A%2F%2Fsport.tunisienumerique.com%2Fcoronavirus-3-joueurs-de-la-fiorentina-contamines%2F%3Ffbclid%3DIwAR168kz1n3TZpmfdwIVeTd9kmeYS6bezlMa3V29YgYbyGZG2thBir6JuCnw&quot;)\">\u00a0<\/em><\/li>\n<li class=\"heateorSssSharingRound\"><em alt=\"Linkedin\" title=\"Linkedin\" class=\"heateorSssSharing heateorSssLinkedinBackground c5\" onclick=\"heateorSssPopup(&quot;http:\/\/www.linkedin.com\/shareArticle?mini=true&amp;url=https%3A%2F%2Fsport.tunisienumerique.com%2Fcoronavirus-3-joueurs-de-la-fiorentina-contamines%2F%3Ffbclid%3DIwAR168kz1n3TZpmfdwIVeTd9kmeYS6bezlMa3V29YgYbyGZG2thBir6JuCnw&amp;title=Coronavirus%20%3A%203%20joueurs%20de%20la%20Fiorentina%20contamin%C3%A9s&quot;)\">\u00a0<\/em><\/li>\n<li class=\"heateorSssSharingRound\"><em alt=\"Google Gmail\" title=\"Google Gmail\" class=\"heateorSssSharing heateorSssGoogleGmailBackground c5\" onclick=\"heateorSssPopup(&quot;https:\/\/mail.google.com\/mail\/?ui=2&amp;view=cm&amp;fs=1&amp;tf=1&amp;su=Coronavirus%20%3A%203%20joueurs%20de%20la%20Fiorentina%20contamin%C3%A9s&amp;body=Link:https%3A%2F%2Fsport.tunisienumerique.com%2Fcoronavirus-3-joueurs-de-la-fiorentina-contamines%2F%3Ffbclid%3DIwAR168kz1n3TZpmfdwIVeTd9kmeYS6bezlMa3V29YgYbyGZG2thBir6JuCnw&quot;)\">\u00a0<\/em><\/li>\n<li class=\"heateorSssSharingRound\"><em alt=\"Whatsapp\" title=\"Whatsapp\" class=\"heateorSssSharing heateorSssWhatsappBackground c5\"><a href=\"https:\/\/api.whatsapp.com\/send?text=Coronavirus%20%3A%203%20joueurs%20de%20la%20Fiorentina%20contamin%C3%A9s%20https%3A%2F%2Fsport.tunisienumerique.com%2Fcoronavirus-3-joueurs-de-la-fiorentina-contamines%2F%3Ffbclid%3DIwAR168kz1n3TZpmfdwIVeTd9kmeYS6bezlMa3V29YgYbyGZG2thBir6JuCnw\" rel=\"nofollow noopener noreferrer\" target=\"_blank\">\u00a0<\/a><\/em><\/li>\n<li class=\"heateorSssSharingRound\">\u00a0<\/li>\n<\/ul>\n<\/div>\n<p dir=\"ltr\">Alors que la Serie A veut reprendre ses droits dans les plus brefs d\u00e9lais, six x joueurs, dont trois de l\u2019effectif professionnel, du club italien de la Fiorentina ont \u00e9t\u00e9 contamin\u00e9s au coronavirus.<\/p>\n<p>La Fiorentina a annonc\u00e9 ce jeudi dans un communiqu\u00e9 que trois de ses joueurs de l\u2019effectif professionnel, ainsi que trois de ses joueurs \u00e9voluant en r\u00e9serve, avaient \u00e9t\u00e9 contr\u00f4l\u00e9s positif au coronavirus.<\/p>\n<div class=\"code-block code-block-1 c7\"><ins class=\"adsbygoogle c6\" data-ad-layout=\"in-article\" data-ad-format=\"fluid\" data-ad-client=\"ca-pub-2102118777505746\" data-ad-slot=\"7301775417\"\/> <\/div>\n<p dir=\"ltr\">\u00c0 l\u2019arr\u00eat total depuis deux mois en raison de la pand\u00e9mie du Covid-19, la Viola a fait passer des tests cette semaine \u00e0 son effectif, avant d\u2019envisager la reprise de l\u2019entra\u00eenement. Un d\u00e9pistage qui s\u2019est donc r\u00e9v\u00e9l\u00e9 utile.<\/p>\n<p dir=\"ltr\">\u00ab Le club a proc\u00e9d\u00e9, conform\u00e9ment au protocole, \u00e0 isoler les personnes impliqu\u00e9es, a pr\u00e9cis\u00e9 la Fiorentina. Le reste du groupe doit subir des examens m\u00e9dicaux et de conditionnement physique avant le d\u00e9but de l\u2019activit\u00e9 facultative sur le terrain. \u00bb L\u2019identit\u00e9 des joueurs concern\u00e9s n\u2019a pas \u00e9t\u00e9 r\u00e9v\u00e9l\u00e9e.<\/p>\n<p dir=\"ltr\">La date de reprise de la Serie A, suspendue depuis la mi-mars, n\u2019a pour l\u2019heure pas encore \u00e9t\u00e9 fix\u00e9e.<\/p>\n<p><\/p>\n<div class=\"heateor_sss_sharing_container heateor_sss_horizontal_sharing\" heateor-sss-data-href=\"https:\/\/sport.tunisienumerique.com\/coronavirus-3-joueurs-de-la-fiorentina-contamines\/\">\n<div class=\"heateor_sss_sharing_title c4\">Cet article vous a \u00e9t\u00e9 utile? Partagez le, il int\u00e9ressera d\u2019autres personnes. Merci!<\/div>\n<ul class=\"heateor_sss_sharing_ul\">\n<li class=\"heateorSssSharingRound\"><em alt=\"Facebook\" title=\"Facebook\" class=\"heateorSssSharing heateorSssFacebookBackground c5\" onclick=\"heateorSssPopup(&quot;https:\/\/www.facebook.com\/sharer\/sharer.php?u=https%3A%2F%2Fsport.tunisienumerique.com%2Fcoronavirus-3-joueurs-de-la-fiorentina-contamines%2F%3Ffbclid%3DIwAR168kz1n3TZpmfdwIVeTd9kmeYS6bezlMa3V29YgYbyGZG2thBir6JuCnw&quot;)\">\u00a0<\/em><\/li>\n<li class=\"heateorSssSharingRound\"><em alt=\"Twitter\" title=\"Twitter\" class=\"heateorSssSharing heateorSssTwitterBackground c5\" onclick=\"heateorSssPopup(&quot;http:\/\/twitter.com\/intent\/tweet?text=Coronavirus%20%3A%203%20joueurs%20de%20la%20Fiorentina%20contamin%C3%A9s&amp;url=https%3A%2F%2Fsport.tunisienumerique.com%2Fcoronavirus-3-joueurs-de-la-fiorentina-contamines%2F%3Ffbclid%3DIwAR168kz1n3TZpmfdwIVeTd9kmeYS6bezlMa3V29YgYbyGZG2thBir6JuCnw&quot;)\">\u00a0<\/em><\/li>\n<li class=\"heateorSssSharingRound\"><em alt=\"Linkedin\" title=\"Linkedin\" class=\"heateorSssSharing heateorSssLinkedinBackground c5\" onclick=\"heateorSssPopup(&quot;http:\/\/www.linkedin.com\/shareArticle?mini=true&amp;url=https%3A%2F%2Fsport.tunisienumerique.com%2Fcoronavirus-3-joueurs-de-la-fiorentina-contamines%2F%3Ffbclid%3DIwAR168kz1n3TZpmfdwIVeTd9kmeYS6bezlMa3V29YgYbyGZG2thBir6JuCnw&amp;title=Coronavirus%20%3A%203%20joueurs%20de%20la%20Fiorentina%20contamin%C3%A9s&quot;)\">\u00a0<\/em><\/li>\n<li class=\"heateorSssSharingRound\"><em alt=\"Google Gmail\" title=\"Google Gmail\" class=\"heateorSssSharing heateorSssGoogleGmailBackground c5\" onclick=\"heateorSssPopup(&quot;https:\/\/mail.google.com\/mail\/?ui=2&amp;view=cm&amp;fs=1&amp;tf=1&amp;su=Coronavirus%20%3A%203%20joueurs%20de%20la%20Fiorentina%20contamin%C3%A9s&amp;body=Link:https%3A%2F%2Fsport.tunisienumerique.com%2Fcoronavirus-3-joueurs-de-la-fiorentina-contamines%2F%3Ffbclid%3DIwAR168kz1n3TZpmfdwIVeTd9kmeYS6bezlMa3V29YgYbyGZG2thBir6JuCnw&quot;)\">\u00a0<\/em><\/li>\n<li class=\"heateorSssSharingRound\"><em alt=\"Whatsapp\" title=\"Whatsapp\" class=\"heateorSssSharing heateorSssWhatsappBackground c5\"><a href=\"https:\/\/api.whatsapp.com\/send?text=Coronavirus%20%3A%203%20joueurs%20de%20la%20Fiorentina%20contamin%C3%A9s%20https%3A%2F%2Fsport.tunisienumerique.com%2Fcoronavirus-3-joueurs-de-la-fiorentina-contamines%2F%3Ffbclid%3DIwAR168kz1n3TZpmfdwIVeTd9kmeYS6bezlMa3V29YgYbyGZG2thBir6JuCnw\" rel=\"nofollow noopener noreferrer\" target=\"_blank\">\u00a0<\/a><\/em><\/li>\n<li class=\"heateorSssSharingRound\">\u00a0<\/li>\n<\/ul>\n<\/div>\n<div class=\"mvp-org-wrap mvp-org-logo\" itemprop=\"publisher\" itemscope=\"\" itemtype=\"https:\/\/schema.org\/Organization\"><img decoding=\"async\" src=\"https:\/\/sport.tunisienumerique.com\/wp-content\/uploads\/2017\/05\/logo_tunisie_numerique.png\"\/><\/div>\n<div class=\"mvp-related-posts left relative\">\n<h4 class=\"post-header\"><span class=\"post-header\">Lire aussi<\/span><\/h4>\n<\/div>\n<div id=\"article-ad\"><ins class=\"adsbygoogle c8\" data-ad-client=\"ca-pub-2102118777505746\" data-ad-slot=\"6513972734\" data-ad-format=\"auto\" data-full-width-responsive=\"true\"\/> <\/div>\n<\/div>\n<div id=\"post-sidebar-wrap\"><ins class=\"adsbygoogle c8\" data-ad-client=\"ca-pub-2102118777505746\" data-ad-slot=\"6513972734\" data-ad-format=\"auto\" data-full-width-responsive=\"true\"\/> <\/div>\n<p>Auteur:<br \/>\n<a href=\"https:\/\/sport.tunisienumerique.com\/coronavirus-3-joueurs-de-la-fiorentina-contamines\/\">Cliquez ici pour lire l&rsquo;article depuis sa source.<\/a><\/p>\n","protected":false},"excerpt":{"rendered":"<p>Cet article vous a \u00e9t\u00e9 utile? Partagez le, il int\u00e9ressera d\u2019autres personnes. Merci! \u00a0 \u00a0 \u00a0 \u00a0 \u00a0 \u00a0 Alors que la Serie A veut reprendre ses droits dans les plus brefs d\u00e9lais, six x joueurs, dont trois de l\u2019effectif professionnel, du club italien de la Fiorentina ont \u00e9t\u00e9 contamin\u00e9s au coronavirus. La Fiorentina a [&hellip;]<\/p>\n","protected":false},"author":1789,"featured_media":84697,"comment_status":"closed","ping_status":"closed","sticky":false,"template":"","format":"standard","meta":{"fifu_image_url":"","fifu_image_alt":"","footnotes":""},"categories":[73,55],"tags":[],"class_list":["post-84696","post","type-post","status-publish","format-standard","has-post-thumbnail","hentry","category-actualite","category-tunisie"],"_links":{"self":[{"href":"https:\/\/linitiative.ca\/International\/wp-json\/wp\/v2\/posts\/84696","targetHints":{"allow":["GET"]}}],"collection":[{"href":"https:\/\/linitiative.ca\/International\/wp-json\/wp\/v2\/posts"}],"about":[{"href":"https:\/\/linitiative.ca\/International\/wp-json\/wp\/v2\/types\/post"}],"author":[{"embeddable":true,"href":"https:\/\/linitiative.ca\/International\/wp-json\/wp\/v2\/users\/1789"}],"replies":[{"embeddable":true,"href":"https:\/\/linitiative.ca\/International\/wp-json\/wp\/v2\/comments?post=84696"}],"version-history":[{"count":0,"href":"https:\/\/linitiative.ca\/International\/wp-json\/wp\/v2\/posts\/84696\/revisions"}],"wp:featuredmedia":[{"embeddable":true,"href":"https:\/\/linitiative.ca\/International\/wp-json\/"}],"wp:attachment":[{"href":"https:\/\/linitiative.ca\/International\/wp-json\/wp\/v2\/media?parent=84696"}],"wp:term":[{"taxonomy":"category","embeddable":true,"href":"https:\/\/linitiative.ca\/International\/wp-json\/wp\/v2\/categories?post=84696"},{"taxonomy":"post_tag","embeddable":true,"href":"https:\/\/linitiative.ca\/International\/wp-json\/wp\/v2\/tags?post=84696"}],"curies":[{"name":"wp","href":"https:\/\/api.w.org\/{rel}","templated":true}]}}