{"id":84698,"date":"2020-05-07T15:49:13","date_gmt":"2020-05-07T19:49:13","guid":{"rendered":"https:\/\/linitiative.ca\/International\/plainte-en-france-contre-guillaume-soro-pour-crime-de-guerre-et-assassinat\/"},"modified":"2020-05-07T15:49:13","modified_gmt":"2020-05-07T19:49:13","slug":"plainte-en-france-contre-guillaume-soro-pour-crime-de-guerre-et-assassinat","status":"publish","type":"post","link":"https:\/\/linitiative.ca\/International\/plainte-en-france-contre-guillaume-soro-pour-crime-de-guerre-et-assassinat\/","title":{"rendered":"PLAINTE EN FRANCE CONTRE GUILLAUME SORO POUR CRIME DE GUERRE ET ASSASSINAT"},"content":{"rendered":"<div class=\"stream-item stream-item-above-post-content\">\n<p><noscript><\/p>\n<p><a href=\"\/\/www3.smartadserver.com\/ac?jump=1&amp;nwid=2136&amp;siteid=240610&amp;pgname=rg&amp;fmtid=49046&amp;visit=m&amp;tmstp=[timestamp]&amp;out=nonrich\" target=\"_blank\" rel=\"noopener noreferrer\"><img decoding=\"async\" src=\"http:\/\/www3.smartadserver.com\/ac?out=nonrich&amp;nwid=2136&amp;siteid=240610&amp;pgname=rg&amp;fmtid=49046&amp;visit=m&amp;tmstp=[timestamp]\" border=\"0\" alt=\"\"\/><\/a><\/p>\n<p><\/noscript><\/div>\n<p class=\"c3\"><em>L\u2019\u00e9tau se resserre davantage autour de l\u2019ex-pr\u00e9sident de l\u2019Assembl\u00e9e nationale ivoirienne, Guillaume Soro. En effet, une plainte a \u00e9t\u00e9 d\u00e9pos\u00e9e hier, en France contre lui pour torture, assassinat et crime de guerre. Parmi les plaignants, figure la fille de l\u2019ex-rebelle Ibrahim Coulibaly dit IB, qui a combattu au temps fort de la crise ivoirienne en 2010-2011 aux c\u00f4t\u00e9s de Soro. On se rappelle que l\u2019assassinat de ce chef du commando invisible, avait plong\u00e9 plus d\u2019un Ivoirien dans la consternation et l\u2019incompr\u00e9hension, surtout lorsqu\u2019une voix attribu\u00e9e \u00e0 l\u2019ex-rebelle Soro affirmait haut et fort dans une bande sonore avoir envoy\u00e9 ce compagnon d\u2019arme, ad patres pour, disait-elle, \u00e9carter tout risque de putsch contre le nouveau r\u00e9gime ivoirien. Guillaume Soro serait-il rattrap\u00e9 par son sombre pass\u00e9\u00a0? Pourra-t-il continuer \u00e0 b\u00e9n\u00e9ficier de la magnanimit\u00e9 des autorit\u00e9s fran\u00e7aises qui, jusque-l\u00e0, lui assuraient qu\u2019il ne serait pas extrad\u00e9 vers son pays\u00a0? Tant que les choses se limitaient entre Soro et Ouattara, Bogota pouvait boire tranquillement son petit lait. Maintenant qu\u2019il s\u2019agit d\u2019une plainte pour crimes de sang, que fera l\u2019Elys\u00e9e? Va-t-il le mettre aux arr\u00eats ou continuera-t-il \u00e0 le prot\u00e9ger\u00a0? Une chose est certaine, cette plainte va, \u00e0 n\u2019en pas douter, troubler le sommeil de l\u2019ex-rebelle. Et c\u2019est peu dire que c\u2019est un sale temps pour Soro. Il l\u2019est d\u2019autant plus qu\u2019une semaine apr\u00e8s sa condamnation \u00e0 vingt ans de prison ferme, par le tribunal correctionnel d\u2019Abidjan, c\u2019est au tour de son parti d\u2019avoir des comptes \u00e0 rendre \u00e0 la Justice. Et pour cause\u00a0: des armes auraient \u00e9t\u00e9 retrouv\u00e9es dans la lagune de la station baln\u00e9aire d\u2019Assinie, apr\u00e8s avoir \u00e9t\u00e9 entrepos\u00e9es au si\u00e8ge de G\u00e9n\u00e9ration et peuples solidaires (GSP), le mouvement politique de l\u2019ex-rebelle. \u00ab\u00a0(\u2026) Il a \u00e9t\u00e9 \u00e9galement d\u00e9couvert, \u00e0 ce si\u00e8ge, un lot de mat\u00e9riel militaire de communication ainsi que des documents qui ne laissent aucun doute sur les actions et les objectifs de ce mouvement politique.\u00a0\u00bb, s\u2019est exprim\u00e9, le 5 mai dernier, le Procureur Richard Adou. Autant dire que la lagune est en train de remonter \u00e0 la surface, le sombre pass\u00e9 de cet ex-rebelle. En fait, cette t\u00e9n\u00e9breuse affaire de cache d\u2019armes remonte \u00e0 2017 et a d\u00e9j\u00e0 envoy\u00e9 en prison, plusieurs proches de Bogota. Et, de l\u2019aveu du Procureur, il y aurait eu de nouvelles arrestations. Ces engins de la mort \u00e9taient-ils destin\u00e9s \u00e0 provoquer la chute d\u2019un r\u00e9gime auquel Guillaume Soro restait, \u00e0 l\u2019\u00e9poque, toujours redevable et \u00e9troitement li\u00e9\u00a0? Pour un r\u00e9gime comme celui de ADO, issu d\u2019une guerre civile, il n\u2019y a, \u00e0 la limite, rien d\u2019\u00e9tonnant \u00e0 d\u00e9couvrir, bien plus tard, quelques vestiges (arsenal de guerre) du chaos qui a pr\u00e9c\u00e9d\u00e9 l\u2019installation \u2013 quoi que par les urnes \u2013 de ce pouvoir. De l\u00e0 \u00e0 crier \u00e0 une tentative d\u2019atteinte \u00e0 la s\u00fbret\u00e9 de l\u2019Etat, c\u2019est un pas franchi, qui n\u00e9cessite bien des preuves et qu\u2019il appartiendra \u00e0 la Justice ivoirienne, d\u2019apporter. Elle doit travailler en toute conscience pour ne pas se laisser prendre au pi\u00e8ge des r\u00e8glements de comptes entre alli\u00e9s d\u2019hier mu\u00e9s en ennemis jur\u00e9s, aujourd\u2019hui. Et en ce qui concerne le pouvoir en place, il va de son int\u00e9r\u00eat, de se garder de toute ing\u00e9rence dans cette affaire, pour ne pas se retrouver, un jour, dans l\u2019inconfortable position de l\u2019arroseur arros\u00e9.<\/em><\/p>\n<p class=\"c3\"><strong><em>Il importe que la v\u00e9rit\u00e9 \u00e9clate sur cette affaire<\/em><\/strong><\/p>\n<p class=\"c3\"><em>Car, sait-on jamais, le jour o\u00f9 le vent viendrait \u00e0 tourner, il pourrait \u00eatre victime des m\u00eames pratiques qui auraient \u00e9t\u00e9 les siennes au moment o\u00f9 il \u00e9tait aux affaires. En tous les cas, Guillaume Soro et Alassane Dramane Ouattara ont certainement en commun bien des secrets et sans aucun doute ont partag\u00e9 des strat\u00e9gies de combat au propre comme au figur\u00e9, \u00e0 l\u2019\u00e9poque o\u00f9 ils entonnaient le \u00ab Je t\u2019aime moi non plus \u00bb dans leur commune perspective d\u2019accession au pouvoir. Seuls, eux deux, mesurent l\u2019\u00e9tendue de ce qu\u2019ils ont fait ensemble. C\u2019est pourquoi, en imaginant une inversion des r\u00f4les, c\u2019est-\u00e0-dire Bogota chef d\u2019Etat et ADO ayant \u00e9chou\u00e9 \u00e0 l\u2019\u00eatre, rien ne dit que ce dernier n\u2019aurait pas eu \u00e0 rendre des comptes \u00e0 la Justice, aussi pour une sombre affaire de d\u00e9tention ill\u00e9gale d\u2019armes. Reste qu\u2019il ne faudrait pas donner le bon Dieu sans confession \u00e0 l\u2019ancien pr\u00e9sident de l\u2019Assembl\u00e9e nationale, au pass\u00e9 pour le moins sulfureux et qui poursuit sa descente aux enfers \u00e0 travers les pr\u00e9sents d\u00e9boires judiciaires de son mouvement politique. Il importe donc que la v\u00e9rit\u00e9 \u00e9clate sur cette affaire qui implique \u00e0 la fois Guillaume Soro et son mouvement. Peut-\u00eatre les choses auraient-elles \u00e9t\u00e9 tout autres, si l\u2019ex-rebelle s\u2019\u00e9tait tenu \u00e0 carreau en se laissant \u00ab\u00a0couler\u00a0\u00bb dans le moule du Rassemblement des Houphou\u00ebtistes pour la d\u00e9mocratie et la paix (RHDP). On peut, en effet, avoir le sentiment que la Justice remet au go\u00fbt du jour, une vieille affaire pour les besoins d\u2019une cause pr\u00e9cise\u00a0: donner le coup de gr\u00e2ce \u00e0 un homme traqu\u00e9 qui continue de crier \u00e0 l\u2019injustice, mais manifestement bien d\u00e9cid\u00e9 \u00e0 mener le combat pour sa survie politique, jusqu\u2019au bout. Mais la le\u00e7on \u00e0 tirer de tout cela, c\u2019est qu\u2019il faut travailler \u00e0 \u00eatre sans reproche, pour tous ceux qui aspirent \u00e0 pr\u00e9sider aux destin\u00e9es de leur pays. Autrement, c\u2019est son linge sale que les puissants du moment se feront le plaisir d\u2019\u00e9taler en public\u00a0; et bonjour les d\u00e9g\u00e2ts\u00a0!<\/em><\/p>\n<p class=\"c3\"><strong><em>\u00ab\u00a0Le Pays\u00a0\u00bb<\/em><\/strong><\/p>\n<p>Auteur: Le Pays<br \/>\n<a href=\"http:\/\/lepays.bf\/plainte-en-france-contre-guillaume-soro-pour-crime-de-guerre-et-assassinat\/\">Cliquez ici pour lire l&rsquo;article depuis sa source.<\/a><\/p>\n","protected":false},"excerpt":{"rendered":"<p>L\u2019\u00e9tau se resserre davantage autour de l\u2019ex-pr\u00e9sident de l\u2019Assembl\u00e9e nationale ivoirienne, Guillaume Soro. En effet, une plainte a \u00e9t\u00e9 d\u00e9pos\u00e9e hier, en France contre lui pour torture, assassinat et crime de guerre. Parmi les plaignants, figure la fille de l\u2019ex-rebelle Ibrahim Coulibaly dit IB, qui a combattu au temps fort de la crise ivoirienne en [&hellip;]<\/p>\n","protected":false},"author":1813,"featured_media":0,"comment_status":"closed","ping_status":"closed","sticky":false,"template":"","format":"standard","meta":{"fifu_image_url":"","fifu_image_alt":"","footnotes":""},"categories":[73,81],"tags":[],"class_list":["post-84698","post","type-post","status-publish","format-standard","hentry","category-actualite","category-burkina-faso"],"_links":{"self":[{"href":"https:\/\/linitiative.ca\/International\/wp-json\/wp\/v2\/posts\/84698","targetHints":{"allow":["GET"]}}],"collection":[{"href":"https:\/\/linitiative.ca\/International\/wp-json\/wp\/v2\/posts"}],"about":[{"href":"https:\/\/linitiative.ca\/International\/wp-json\/wp\/v2\/types\/post"}],"author":[{"embeddable":true,"href":"https:\/\/linitiative.ca\/International\/wp-json\/wp\/v2\/users\/1813"}],"replies":[{"embeddable":true,"href":"https:\/\/linitiative.ca\/International\/wp-json\/wp\/v2\/comments?post=84698"}],"version-history":[{"count":0,"href":"https:\/\/linitiative.ca\/International\/wp-json\/wp\/v2\/posts\/84698\/revisions"}],"wp:attachment":[{"href":"https:\/\/linitiative.ca\/International\/wp-json\/wp\/v2\/media?parent=84698"}],"wp:term":[{"taxonomy":"category","embeddable":true,"href":"https:\/\/linitiative.ca\/International\/wp-json\/wp\/v2\/categories?post=84698"},{"taxonomy":"post_tag","embeddable":true,"href":"https:\/\/linitiative.ca\/International\/wp-json\/wp\/v2\/tags?post=84698"}],"curies":[{"name":"wp","href":"https:\/\/api.w.org\/{rel}","templated":true}]}}