{"id":84699,"date":"2020-05-07T15:52:59","date_gmt":"2020-05-07T19:52:59","guid":{"rendered":"https:\/\/linitiative.ca\/International\/incidents-pendant-la-campagne-au-burundi\/"},"modified":"2020-05-07T15:52:59","modified_gmt":"2020-05-07T19:52:59","slug":"incidents-pendant-la-campagne-au-burundi","status":"publish","type":"post","link":"https:\/\/linitiative.ca\/International\/incidents-pendant-la-campagne-au-burundi\/","title":{"rendered":"INCIDENTS PENDANT LA CAMPAGNE AU BURUNDI"},"content":{"rendered":"<div class=\"stream-item stream-item-above-post-content\">\n<p><noscript><\/p>\n<p><a href=\"\/\/www3.smartadserver.com\/ac?jump=1&amp;nwid=2136&amp;siteid=240610&amp;pgname=rg&amp;fmtid=49046&amp;visit=m&amp;tmstp=[timestamp]&amp;out=nonrich\" target=\"_blank\" rel=\"noopener noreferrer\"><img decoding=\"async\" src=\"http:\/\/www3.smartadserver.com\/ac?out=nonrich&amp;nwid=2136&amp;siteid=240610&amp;pgname=rg&amp;fmtid=49046&amp;visit=m&amp;tmstp=[timestamp]\" border=\"0\" alt=\"\"\/><\/a><\/p>\n<p><\/noscript><\/div>\n<p class=\"c3\"><em>Ouverte le 27 avril dernier, la campagne pour la pr\u00e9sidentielle au Burundi, est loin d\u2019\u00eatre un fleuve tranquille. C\u2019est le moins que l\u2019on puisse dire. Car, en dix jours, on enregistre au total une dizaine d\u2019incidents violents, soit en moyenne un par jour. Le dernier cas en date, qui a raviv\u00e9 les tensions, est l\u2019arrestation, le 5 mai dernier, de Katy Kezimana qui est par ailleurs, la n\u00b02 sur la liste \u00e9lectorale du CNL pour les l\u00e9gislatives dans la province du Bujumbura rural. Cela faisait suite \u00e0 un meeting tenu dans ladite r\u00e9gion consid\u00e9r\u00e9e comme l\u2019un des principaux fiefs de Agathon Rwasa. Poursuivie pour \u00ab intol\u00e9rance politique \u00bb, Katy Kezimana a \u00e9t\u00e9 aussit\u00f4t entendue par un magistrat et plac\u00e9e sous mandat de d\u00e9p\u00f4t en attendant l\u2019ouverture de son proc\u00e8s. Cela n\u2019a rien d\u2019\u00e9tonnant sous le ciel burundais o\u00f9 m\u00eame en campagne, les opposants doivent savoir se tenir \u00e0 carreau sous peine de se voir trait\u00e9s de tous les noms d\u2019oiseaux et de ce fait, jet\u00e9s en prison.<\/em> <em>En fait, ce que l\u2019on reproche \u00e0 dame Kezimana, c\u2019est d\u2019avoir os\u00e9 critiquer vertement le r\u00e9gime de Pierre Nkurunziza, pr\u00e9sent\u00e9 comme un pr\u00e9dateur des droits humains ; en t\u00e9moignent les nombreux crimes commis depuis le d\u00e9but de la crise qui secoue le Burundi en 2015. En tout cas, les faits sont l\u00e0, t\u00eatus.<\/em><\/p>\n<p class=\"c3\"><strong><em>Les d\u00e9s sont d\u00e9j\u00e0 pip\u00e9s<\/em><\/strong><\/p>\n<p class=\"c3\"><em>Du fait de l\u2019ent\u00eatement de Nkurunziza, des Burundais ont \u00e9t\u00e9 envoy\u00e9s ad patres pendant que d\u2019autres ont \u00e9t\u00e9 contraints \u00e0 l\u2019exil.<\/em> <em>Cela dit, ce qu\u2019il y a de plus d\u00e9plorable, c\u2019est que pendant que le pouvoir burundais s\u2019acharne sur les pauvres militants de l\u2019opposition, il reste sourd face aux exactions commises par les Imbonerakur\u00e9, du nom de cette milice acquise \u00e0 la solde du pasteur-pr\u00e9sident Pierre Nkurunziza qui, apr\u00e8s s\u2019\u00eatre taill\u00e9 une retraite dor\u00e9e aux frais de la princesse en s\u2019assurant quasiment d\u2019une impunit\u00e9 \u00e0 vie, a d\u00e9cid\u00e9 de ne pas briguer un nouveau mandat.\u00a0<\/em> <em>Mais, avec la chape de plomb qui s\u2019abat sur Bujumbura, inutile de dire que son dauphin, Evariste Ndayshimi\u00e9, passera haut la main lors de la pr\u00e9sidentielle du 20 mai prochain qui, en r\u00e9alit\u00e9, ne sera qu\u2019une simple formalit\u00e9.<\/em> <em>C\u2019est pourquoi d\u2019aucuns estiment que Bujumbura n\u2019avait pas besoin de s\u2019offrir en spectacle en embastillant des opposants d\u2019autant que tout le monde sait que les d\u00e9s sont d\u00e9j\u00e0 pip\u00e9s.<\/em><\/p>\n<p class=\"c3\"><strong><em>B.O<\/em><\/strong><\/p>\n<p>Auteur: Le Pays<br \/>\n<a href=\"http:\/\/lepays.bf\/incidents-pendant-la-campagne-au-burundi\/\">Cliquez ici pour lire l&rsquo;article depuis sa source.<\/a><\/p>\n","protected":false},"excerpt":{"rendered":"<p>Ouverte le 27 avril dernier, la campagne pour la pr\u00e9sidentielle au Burundi, est loin d\u2019\u00eatre un fleuve tranquille. C\u2019est le moins que l\u2019on puisse dire. Car, en dix jours, on enregistre au total une dizaine d\u2019incidents violents, soit en moyenne un par jour. Le dernier cas en date, qui a raviv\u00e9 les tensions, est l\u2019arrestation, [&hellip;]<\/p>\n","protected":false},"author":1813,"featured_media":0,"comment_status":"closed","ping_status":"closed","sticky":false,"template":"","format":"standard","meta":{"fifu_image_url":"","fifu_image_alt":"","footnotes":""},"categories":[73,81],"tags":[],"class_list":["post-84699","post","type-post","status-publish","format-standard","hentry","category-actualite","category-burkina-faso"],"_links":{"self":[{"href":"https:\/\/linitiative.ca\/International\/wp-json\/wp\/v2\/posts\/84699","targetHints":{"allow":["GET"]}}],"collection":[{"href":"https:\/\/linitiative.ca\/International\/wp-json\/wp\/v2\/posts"}],"about":[{"href":"https:\/\/linitiative.ca\/International\/wp-json\/wp\/v2\/types\/post"}],"author":[{"embeddable":true,"href":"https:\/\/linitiative.ca\/International\/wp-json\/wp\/v2\/users\/1813"}],"replies":[{"embeddable":true,"href":"https:\/\/linitiative.ca\/International\/wp-json\/wp\/v2\/comments?post=84699"}],"version-history":[{"count":0,"href":"https:\/\/linitiative.ca\/International\/wp-json\/wp\/v2\/posts\/84699\/revisions"}],"wp:attachment":[{"href":"https:\/\/linitiative.ca\/International\/wp-json\/wp\/v2\/media?parent=84699"}],"wp:term":[{"taxonomy":"category","embeddable":true,"href":"https:\/\/linitiative.ca\/International\/wp-json\/wp\/v2\/categories?post=84699"},{"taxonomy":"post_tag","embeddable":true,"href":"https:\/\/linitiative.ca\/International\/wp-json\/wp\/v2\/tags?post=84699"}],"curies":[{"name":"wp","href":"https:\/\/api.w.org\/{rel}","templated":true}]}}