{"id":84700,"date":"2020-05-07T15:56:49","date_gmt":"2020-05-07T19:56:49","guid":{"rendered":"https:\/\/linitiative.ca\/International\/chek-up-du-pm-ivoirien-en-france\/"},"modified":"2020-05-07T15:56:49","modified_gmt":"2020-05-07T19:56:49","slug":"chek-up-du-pm-ivoirien-en-france","status":"publish","type":"post","link":"https:\/\/linitiative.ca\/International\/chek-up-du-pm-ivoirien-en-france\/","title":{"rendered":"CHEK-UP DU PM IVOIRIEN EN FRANCE"},"content":{"rendered":"<div class=\"stream-item stream-item-above-post-content\">\n<p><noscript><\/p>\n<p><a href=\"\/\/www3.smartadserver.com\/ac?jump=1&amp;nwid=2136&amp;siteid=240610&amp;pgname=rg&amp;fmtid=49046&amp;visit=m&amp;tmstp=[timestamp]&amp;out=nonrich\" target=\"_blank\" rel=\"noopener noreferrer\"><img decoding=\"async\" src=\"http:\/\/www3.smartadserver.com\/ac?out=nonrich&amp;nwid=2136&amp;siteid=240610&amp;pgname=rg&amp;fmtid=49046&amp;visit=m&amp;tmstp=[timestamp]\" border=\"0\" alt=\"\"\/><\/a><\/p>\n<p><\/noscript><\/div>\n<p class=\"c3\"><em>Les chek-up en France des princes qui nous gouvernent sont tellement courants qu\u2019ils ne constituent pas en soi des \u00e9v\u00e8nements. Mais lorsqu\u2019il s\u2019agit du check-up en France d\u2019un certain Amadou Gon Coulibaly, cela ne peut pas ne pas marquer l\u2019actualit\u00e9. Et pour cause, l\u2019homme est le candidat du parti au pouvoir, le Rassemblement des Houphou\u00ebtistes pour la d\u00e9mocratie et la paix (RHDP), \u00e0 la pr\u00e9sidentielle pr\u00e9vue pour octobre 2020. Tout le monde sait, par ailleurs, que l\u2019homme, au propre comme au figur\u00e9, est sorti tout droit de l\u2019\u00e9curie de l\u2019enfant de Kong, c\u2019est-\u00e0-dire Alassane Ouattara. C\u2019est ce dernier, en effet, qui l\u2019a impos\u00e9 pour porter les couleurs du RHDP \u00e0 la pr\u00e9sidentielle d\u2019octobre prochain. A six mois donc d\u2019un \u00e9v\u00e9nement politique de cette envergure, l\u2019on peut comprendre que le chek-up en France de cet homme dont les chances de devenir pr\u00e9sident, sont r\u00e9elles, soit diversement comment\u00e9. Officiellement, il n\u2019y a pas de quoi paniquer. A en croire, en effet, un communiqu\u00e9 de la pr\u00e9sidence ivoirienne, le Premier ministre Amadou Gon Coulibaly est en France pour un contr\u00f4le m\u00e9dical. Mieux, Alassane Ouattara himself est mont\u00e9 au cr\u00e9neau pour rassurer\u00a0: \u00ab\u00a0Le Premier ministre va tr\u00e8s bien\u2026 On lui a pos\u00e9 un stent. Moi-m\u00eame, j\u2019en porte depuis 1999\u00a0\u00bb. Ces propos ont beau \u00eatre rassurants, Saint Thomas persiste et signe \u00e0 coups d\u2019insinuations dont les plus alarmistes laissent croire que le dauphin de ADO est inscrit \u00e0 l\u2019article de la mort. Comme la rumeur d\u2019Orl\u00e9ans, pratiquement tout Abidjan, et au-del\u00e0, toute la C\u00f4te-d\u2019Ivoire, est travers\u00e9e et secou\u00e9e par cette rumeur. La pr\u00e9sidence revient \u00e0 la charge pour la d\u00e9construire. En effet, dans un communiqu\u00e9 publi\u00e9 le 5 mai dernier, elle explique qu\u2019\u00e0 \u00ab\u00a0l\u2019issue de cet examen, son m\u00e9decin traitant a prescrit un suivi m\u00e9dical et une p\u00e9riode de repos\u00a0\u00bb. Et d\u2019ajouter ceci\u00a0: \u00ab\u00a0Amadou Gon Coulibaly poursuivra son s\u00e9jour en France pour quelques semaines avant de regagner la C\u00f4te d\u2019Ivoire\u00a0\u00bb. Bref, jamais la pr\u00e9sidence n\u2019a communiqu\u00e9 autant sur l\u2019\u00e9tat de sant\u00e9 d\u2019une personnalit\u00e9 politique en Eburnie.<\/em><\/p>\n<p class=\"c3\"><strong><em>Le cas de Gon Coulibaly risque de d\u00e9chirer davantage le parti pr\u00e9sidentiel<\/em><\/strong><\/p>\n<p class=\"c3\"><em>C\u2019est la preuve, s\u2019il en est encore besoin, que le chek-up en France de Gon Coulibaly, est un sujet qui int\u00e9resse au plus haut point la C\u00f4te d\u2019Ivoire en g\u00e9n\u00e9ral et le RHDP en particulier. En tout cas, l\u2019on peut se permettre l\u2019image suivante\u00a0: l\u2019\u00e9lectrocardiogramme du RHDP est suspendu \u00e0 celui de Gon Coulibaly. De toute \u00e9vidence, le parti pr\u00e9sidentiel ne peut pas ne pas \u00e9voquer, dans des conclaves r\u00e9serv\u00e9s exclusivement aux fid\u00e8les des fid\u00e8les de l\u2019Enfant de Kong, le cas Gon Coulibaly. Et \u00e0 ces occasions, l\u2019on peut mettre la main au feu que tous les sc\u00e9narii seront mis sur la table. D\u00e9j\u00e0, le fait que l\u2019int\u00e9rim du PM soit confi\u00e9 \u00e0 Ahmed Bakayoko, l\u2019autre cheval pr\u00e9f\u00e9r\u00e9 de l\u2019\u00e9curie de Ouattara, est d\u00e9crypt\u00e9 par certains observateurs comme le plan \u00ab\u00a0B\u00a0\u00bb de l\u2019actuel locataire du Palais de Cocody au cas ou son plan \u00ab\u00a0A\u00a0\u00bb viendrait \u00e0 \u00eatre contrari\u00e9 par la force des choses. En tout cas, l\u2019on peut se poser des questions \u00e0 propos du s\u00e9jour m\u00e9dical de Gon Coulibaly en France\u00a0: combien de jours sa convalescence va-t-elle prendre? A-t-on dit toute la v\u00e9rit\u00e9 sur son \u00e9tat de sant\u00e9 ? Ouattara n\u2019a-t-il pas pris un gros risque en jetant son d\u00e9volu sur un homme dont la sant\u00e9 fait d\u00e9bat\u00a0? En un mot comme en mille, le cas de Gon Coulibaly risque de d\u00e9chirer davantage le parti pr\u00e9sidentiel. D\u00e9j\u00e0, certains ont claqu\u00e9 la porte par d\u00e9pit et frustration suite \u00e0 l\u2019imposition de Gon Coulibaly par ADO. D\u2019autres pourraient tr\u00e8s bient\u00f4t leur embo\u00eeter le pas pour signifier \u00e0 ADO que son choix peut co\u00fbter cher au RHDP \u00e0 la pr\u00e9sidentielle. Et quand on sait que la pr\u00e9sidentielle, c\u2019est la rencontre d\u2019un homme avec les \u00e9lecteurs, la candidature de Gon Coulibaly peut susciter des doutes et des si au sein de l\u2019ensemble de l\u2019\u00e9lectorat ivoirien. D\u2019ailleurs, l\u2019on peut se demander si ADO rend service \u00e0 Gon Coulibaly en lui proposant de porter un tel fardeau, compte tenu de la pr\u00e9carit\u00e9 de la sant\u00e9 de son dauphin. Et ceux qui sont dans cette logique avaient m\u00eame \u00e9mis des doutes quant \u00e0 la capacit\u00e9 physique de l\u2019homme \u00e0 assurer la charge de PM au moment de sa nomination. En r\u00e9alit\u00e9, entre Alassane Ouattara et Gon Coulibaly, c\u2019est plus une histoire de c\u0153ur que de raison. Et en politique, un tel choix n\u2019est pas toujours efficace.<\/em><\/p>\n<p class=\"c3\"><strong><em>Pousdem PICKOU<\/em><\/strong><\/p>\n<p>Auteur: Le Pays<br \/>\n<a href=\"http:\/\/lepays.bf\/chek-up-du-pm-ivoirien-en-france\/\">Cliquez ici pour lire l&rsquo;article depuis sa source.<\/a><\/p>\n","protected":false},"excerpt":{"rendered":"<p>Les chek-up en France des princes qui nous gouvernent sont tellement courants qu\u2019ils ne constituent pas en soi des \u00e9v\u00e8nements. Mais lorsqu\u2019il s\u2019agit du check-up en France d\u2019un certain Amadou Gon Coulibaly, cela ne peut pas ne pas marquer l\u2019actualit\u00e9. Et pour cause, l\u2019homme est le candidat du parti au pouvoir, le Rassemblement des Houphou\u00ebtistes [&hellip;]<\/p>\n","protected":false},"author":1813,"featured_media":0,"comment_status":"closed","ping_status":"closed","sticky":false,"template":"","format":"standard","meta":{"fifu_image_url":"","fifu_image_alt":"","footnotes":""},"categories":[73,81],"tags":[],"class_list":["post-84700","post","type-post","status-publish","format-standard","hentry","category-actualite","category-burkina-faso"],"_links":{"self":[{"href":"https:\/\/linitiative.ca\/International\/wp-json\/wp\/v2\/posts\/84700","targetHints":{"allow":["GET"]}}],"collection":[{"href":"https:\/\/linitiative.ca\/International\/wp-json\/wp\/v2\/posts"}],"about":[{"href":"https:\/\/linitiative.ca\/International\/wp-json\/wp\/v2\/types\/post"}],"author":[{"embeddable":true,"href":"https:\/\/linitiative.ca\/International\/wp-json\/wp\/v2\/users\/1813"}],"replies":[{"embeddable":true,"href":"https:\/\/linitiative.ca\/International\/wp-json\/wp\/v2\/comments?post=84700"}],"version-history":[{"count":0,"href":"https:\/\/linitiative.ca\/International\/wp-json\/wp\/v2\/posts\/84700\/revisions"}],"wp:attachment":[{"href":"https:\/\/linitiative.ca\/International\/wp-json\/wp\/v2\/media?parent=84700"}],"wp:term":[{"taxonomy":"category","embeddable":true,"href":"https:\/\/linitiative.ca\/International\/wp-json\/wp\/v2\/categories?post=84700"},{"taxonomy":"post_tag","embeddable":true,"href":"https:\/\/linitiative.ca\/International\/wp-json\/wp\/v2\/tags?post=84700"}],"curies":[{"name":"wp","href":"https:\/\/api.w.org\/{rel}","templated":true}]}}