{"id":84701,"date":"2020-05-07T14:39:49","date_gmt":"2020-05-07T18:39:49","guid":{"rendered":"https:\/\/linitiative.ca\/International\/insecurite-a-lest-lupc-propose-loperation-ogapo\/"},"modified":"2020-05-07T14:39:49","modified_gmt":"2020-05-07T18:39:49","slug":"insecurite-a-lest-lupc-propose-loperation-ogapo","status":"publish","type":"post","link":"https:\/\/linitiative.ca\/International\/insecurite-a-lest-lupc-propose-loperation-ogapo\/","title":{"rendered":"Ins\u00e9curit\u00e9 \u00e0 l\u2019Est : l\u2019UPC propose l\u2019op\u00e9ration \u00ab Ogapo \u00bb"},"content":{"rendered":"<div class=\"td-post-featured-image\"><a href=\"https:\/\/www.sidwaya.info\/wp-content\/uploads\/2020\/05\/1-11.jpg\" data-caption=\"\"><img loading=\"lazy\" decoding=\"async\" width=\"595\" height=\"395\" class=\"entry-thumb td-modal-image\" src=\"https:\/\/www.sidwaya.info\/wp-content\/uploads\/2020\/05\/1-11.jpg\" srcset=\"https:\/\/www.sidwaya.info\/wp-content\/uploads\/2020\/05\/1-11.jpg 595w, https:\/\/www.sidwaya.info\/wp-content\/uploads\/2020\/05\/1-11-300x199.jpg 300w\" sizes=\"auto, (max-width: 595px) 100vw, 595px\" alt=\"\" title=\"1\"\/><\/a><\/div>\n<p><strong>L\u2019Union pour le progr\u00e8s et le changement (UPC) a anim\u00e9 une conf\u00e9rence de presse, le jeudi 7 mai 2020 \u00e0 Ouagadougou. La situation socio-s\u00e9curitaire dans la r\u00e9gion de l\u2019Est a \u00e9t\u00e9 au menu des \u00e9changes.<\/strong><\/p>\n<p>\u00abAujourd\u2019hui, la situation \u00e9conomique est ralentie \u00e0 l\u2019Est; les gens vivent la peur au ventre et le lendemain devient incertain. A ceci s\u2019ajoutent la famine, les maladies et les al\u00e9as naturels. Dans presque toutes les provinces de l\u2019Est, les terroristes ne se cachent plus, ils circulent et narguent les populations.<\/p>\n<p>La r\u00e9gion de l\u2019Est risque de sombrer dans une instabilit\u00e9 de longue dur\u00e9e si rien n\u2019est fait urgemment pour imposer la paix \u00bb. C\u2019est le constat \u00abalarmant\u00bb, qu\u2019ont fait des \u00e9lus et responsables de la r\u00e9gion de l\u2019Est de l\u2019Union pour le progr\u00e8s et le changement (UPC), lors d\u2019une conf\u00e9rence de presse, le jeudi 7 mai 2020 \u00e0 Ouagadougou. Pour le d\u00e9put\u00e9 UPC du Gourma, Ludovic Thiombiano, qui a dirig\u00e9 les \u00e9changes avec la presse, les populations souffrent \u00e9galement du couvre-feu et de la fermeture des march\u00e9s due \u00e0 la pand\u00e9mie du coronavirus. A l\u2019entendre, les populations sont anim\u00e9es par un sentiment d\u2019abandon de la part des autorit\u00e9s du pays. \u00ab Sur le terrain, la r\u00e9gion est pratiquement sous le contr\u00f4le des terroristes qui ne manquent pas d\u2019arguments pour recruter et gonfler leurs rangs pour commettre les pires exactions dans une totale impunit\u00e9 \u00bb a-t-il relev\u00e9. Pour lui, si rien n\u2019est fait dans l\u2019urgence, la r\u00e9gion risque de sombrer dans l\u2019instabilit\u00e9 de longue dur\u00e9e.<\/p>\n<div class=\"td-a-rec td-a-rec-id-content_inline tdi_30_540 td_block_template_1\"><img loading=\"lazy\" decoding=\"async\" class=\"aligncenter size-full wp-image-21314\" src=\"https:\/\/www.sidwaya.info\/wp-content\/uploads\/2020\/04\/Bandeau-Covid-19-Sidwaya-1.jpg\" alt=\"\" width=\"790\" height=\"98\"\/><\/div>\n<p>Afin d\u2019\u00e9viter ce \u00ab chaos \u00bb, l\u2019UPC a propos\u00e9 au gouvernement, une op\u00e9ration \u00abOgapo\u00bb (D\u00e9nouement final), \u00e0 travers laquelle les Forces de d\u00e9fense et de s\u00e9curit\u00e9 (FDS) et les volontaires vont passer au peigne fin, les cinq provinces de la r\u00e9gion, pour expurger des terroristes et des grands bandits qui les \u00e9cument. \u00abOgapo devra tirer le\u00e7on des succ\u00e8s et des \u00e9checs de \u00abOtapoanu\u00bb, impliquer fortement les d\u00e9tenteurs du savoir traditionnel du Gulmu et associer toutes les forces vives de la r\u00e9gion \u00bb, a sugg\u00e9r\u00e9 M. Thiombiano.<\/p>\n<p>Une fois l\u2019op\u00e9ration men\u00e9e avec succ\u00e8s, le \u00ab parti du lion \u00bb recommande le retour des populations d\u00e9plac\u00e9es, la cr\u00e9ation d\u2019un centre de \u00abd\u00e9radicalisation \u00bb d\u2019une partie de la jeunesse burkinab\u00e8 qui s\u2019est retrouv\u00e9e dans les bras des groupes terroristes. A cela, l\u2019UPC ajoute la prise de mesures de relance \u00e9conomique et d\u2019accompagnement social dans la r\u00e9gion et un retour des agents et des symboles de l\u2019Etat dans la r\u00e9gion.<br \/>En r\u00e9it\u00e9rant son soutien aux FDS, l\u2019UPC a rappel\u00e9 au chef de l\u2019Etat, son serment de protection du Burkina Faso et de ses habitants. Interrog\u00e9 sur l\u2019origine de l\u2019ins\u00e9curit\u00e9 \u00e0 l\u2019Est, Ludovic Thiombiano a r\u00e9pliqu\u00e9 que la r\u00e9gion a \u00e9t\u00e9 d\u00e9laiss\u00e9e pendant longtemps par le pouvoir central.<br \/>\u00ab Il n\u2019y a pas de route et de projet viable. On peut faire plus de 50 km sans rencontrer une administration \u00bb, a-t-il r\u00e9v\u00e9l\u00e9.<\/p>\n<p class=\"c1\"><strong>Achille ZIGANI<\/strong><br \/><strong>(Collaborateur)<\/strong><\/p>\n<div class=\"td-a-rec td-a-rec-id-content_bottom tdi_31_eb8 td_block_template_1\"><img loading=\"lazy\" decoding=\"async\" class=\"aligncenter size-full wp-image-9623\" src=\"https:\/\/www.sidwaya.info\/wp-content\/uploads\/2019\/06\/Projet-bannie\u0300re-Orange-mobile.jpg\" alt=\"\" width=\"728\" height=\"81\"\/><\/div>\n<p>Auteur: DD. Sidwaya<br \/>\n<a href=\"https:\/\/www.sidwaya.info\/blog\/2020\/05\/07\/insecurite-a-lest-lupc-propose-loperation-ogapo\/\">Cliquez ici pour lire l&rsquo;article depuis sa source.<\/a><\/p>\n","protected":false},"excerpt":{"rendered":"<p>L\u2019Union pour le progr\u00e8s et le changement (UPC) a anim\u00e9 une conf\u00e9rence de presse, le jeudi 7 mai 2020 \u00e0 Ouagadougou. La situation socio-s\u00e9curitaire dans la r\u00e9gion de l\u2019Est a \u00e9t\u00e9 au menu des \u00e9changes. \u00abAujourd\u2019hui, la situation \u00e9conomique est ralentie \u00e0 l\u2019Est; les gens vivent la peur au ventre et le lendemain devient incertain. [&hellip;]<\/p>\n","protected":false},"author":1816,"featured_media":84702,"comment_status":"closed","ping_status":"closed","sticky":false,"template":"","format":"standard","meta":{"fifu_image_url":"","fifu_image_alt":"","footnotes":""},"categories":[73,81],"tags":[],"class_list":["post-84701","post","type-post","status-publish","format-standard","has-post-thumbnail","hentry","category-actualite","category-burkina-faso"],"_links":{"self":[{"href":"https:\/\/linitiative.ca\/International\/wp-json\/wp\/v2\/posts\/84701","targetHints":{"allow":["GET"]}}],"collection":[{"href":"https:\/\/linitiative.ca\/International\/wp-json\/wp\/v2\/posts"}],"about":[{"href":"https:\/\/linitiative.ca\/International\/wp-json\/wp\/v2\/types\/post"}],"author":[{"embeddable":true,"href":"https:\/\/linitiative.ca\/International\/wp-json\/wp\/v2\/users\/1816"}],"replies":[{"embeddable":true,"href":"https:\/\/linitiative.ca\/International\/wp-json\/wp\/v2\/comments?post=84701"}],"version-history":[{"count":0,"href":"https:\/\/linitiative.ca\/International\/wp-json\/wp\/v2\/posts\/84701\/revisions"}],"wp:featuredmedia":[{"embeddable":true,"href":"https:\/\/linitiative.ca\/International\/wp-json\/"}],"wp:attachment":[{"href":"https:\/\/linitiative.ca\/International\/wp-json\/wp\/v2\/media?parent=84701"}],"wp:term":[{"taxonomy":"category","embeddable":true,"href":"https:\/\/linitiative.ca\/International\/wp-json\/wp\/v2\/categories?post=84701"},{"taxonomy":"post_tag","embeddable":true,"href":"https:\/\/linitiative.ca\/International\/wp-json\/wp\/v2\/tags?post=84701"}],"curies":[{"name":"wp","href":"https:\/\/api.w.org\/{rel}","templated":true}]}}