{"id":84703,"date":"2020-05-07T14:44:17","date_gmt":"2020-05-07T18:44:17","guid":{"rendered":"https:\/\/linitiative.ca\/International\/lutte-contre-le-covid-19-la-majorite-presidentielle-loue-les-efforts-du-gouvernement\/"},"modified":"2020-05-07T14:44:17","modified_gmt":"2020-05-07T18:44:17","slug":"lutte-contre-le-covid-19-la-majorite-presidentielle-loue-les-efforts-du-gouvernement","status":"publish","type":"post","link":"https:\/\/linitiative.ca\/International\/lutte-contre-le-covid-19-la-majorite-presidentielle-loue-les-efforts-du-gouvernement\/","title":{"rendered":"Lutte contre le COVID-19  : la majorit\u00e9 pr\u00e9sidentielle loue les efforts  du gouvernement"},"content":{"rendered":"<div class=\"td-post-featured-image\"><a href=\"https:\/\/www.sidwaya.info\/wp-content\/uploads\/2020\/05\/1-12.jpg\" data-caption=\"\"><img loading=\"lazy\" decoding=\"async\" width=\"595\" height=\"335\" class=\"entry-thumb td-modal-image\" src=\"https:\/\/www.sidwaya.info\/wp-content\/uploads\/2020\/05\/1-12.jpg\" srcset=\"https:\/\/www.sidwaya.info\/wp-content\/uploads\/2020\/05\/1-12.jpg 595w, https:\/\/www.sidwaya.info\/wp-content\/uploads\/2020\/05\/1-12-300x169.jpg 300w\" sizes=\"auto, (max-width: 595px) 100vw, 595px\" alt=\"\" title=\"1\"\/><\/a><\/div>\n<p><strong>L\u2019Alliance des partis et formations politiques de la majorit\u00e9 pr\u00e9sidentielle (APMP) a organis\u00e9, le jeudi 7 mai 2020 \u00e0 Ouagadougou, une conf\u00e9rence de presse sur l\u2019actualit\u00e9 nationale. Au menu des \u00e9changes, la gestion de la pand\u00e9mie du coronavirus et les \u00e9lections de novembre prochain.<\/strong><\/p>\n<p>En d\u00e9pit des t\u00e2tonnements initiaux et de l\u2019impr\u00e9paration constat\u00e9s dans la gestion de la pand\u00e9mie du coronavirus dans nombre de pays, le gouvernement burkinab\u00e8 a d\u00e9ploy\u00e9 un syst\u00e8me de sant\u00e9 national \u00ab efficace \u00bb avec l\u2019\u00e9diction de r\u00e8gles de conduite pour pr\u00e9venir la maladie, tout en prenant en charge les personnes infect\u00e9es. Telle est la conviction de l\u2019Alliance des partis et formations politiques de la majorit\u00e9 pr\u00e9sidentielle (APMP) qui a anim\u00e9 une conf\u00e9rence de presse, le jeudi 7 mai 2020 \u00e0 son si\u00e8ge \u00e0 Ouagadougou.<\/p>\n<p>Selon le porte-parole de l\u2019APMP, le pr\u00e9sident du Nouveau temps pour la d\u00e9mocratie (NTD), Vincent T. Dabilgou, le COVID-19 est une menace redoutable. \u00ab Aucune maladie n\u2019a jamais pu mettre \u00e0 rude \u00e9preuve, l\u2019\u00e9conomie mondiale et le vivre-ensemble de l\u2019humanit\u00e9 tout enti\u00e8re, en moins de six mois d\u2019apparition et en d\u00e9fiant m\u00eame, les nations les plus puissantes au monde \u00bb, a-t-il pr\u00e9cis\u00e9. Sur le plan national, a fait savoir le conf\u00e9rencier, la pand\u00e9mie vient \u00e9prouver durement et peut-\u00eatre durablement les efforts d\u00e9ploy\u00e9s depuis les quatre derni\u00e8res ann\u00e9es pour une croissance endog\u00e8ne de l\u2019\u00e9conomie burkinab\u00e8. Il en veut pour preuve, les pr\u00e9visions de croissance de la BCEAO pour le Burkina Faso qui indiquent une \u00ab forte baisse \u00bb des taux pr\u00e9visionnels de 2020 et 2021 initialement fix\u00e9s respectivement \u00e0 6,3% et 6,1%. L\u2019APMP a saisi l\u2019occasion pour saluer l\u2019engagement du personnel de sant\u00e9 ainsi que toutes les personnes qui, au risque de leur vie, \u0153uvrent \u00e0 vaincre d\u00e9finitivement la maladie au Burkina Faso. L\u2019Alliance a \u00e9galement lou\u00e9 la solidarit\u00e9 dont fait montre les Burkinab\u00e8 \u00e0 cette p\u00e9riode \u00ab tr\u00e8s difficile \u00bb par des dons aux malades et aux personnes vuln\u00e9rables.<\/p>\n<div class=\"td-a-rec td-a-rec-id-content_inline tdi_30_448 td_block_template_1\"><img loading=\"lazy\" decoding=\"async\" class=\"aligncenter size-full wp-image-21314\" src=\"https:\/\/www.sidwaya.info\/wp-content\/uploads\/2020\/04\/Bandeau-Covid-19-Sidwaya-1.jpg\" alt=\"\" width=\"790\" height=\"98\"\/><\/div>\n<p>Au sujet des \u00e9lections de novembre 2020, l\u2019APMP s\u2019est montr\u00e9 rassurant : \u00ab Le pr\u00e9sident du Faso, Roch Marc Christian Kabor\u00e9, fid\u00e8le \u00e0 ses engagements, a r\u00e9it\u00e9r\u00e9 \u00e0 la classe politique toute sa d\u00e9termination \u00e0 respecter et \u00e0 faire respecter la Constitution par la tenue des \u00e9lections \u00e0 bonne date \u00bb. Les journalistes ont abord\u00e9 des questions d\u2019actualit\u00e9 avec les conf\u00e9renciers. Ainsi, sur la pol\u00e9mique autour de la gestion du COVID-19, M. Dabilgou, a laiss\u00e9 entendre que la lutte contre la maladie est organis\u00e9e en maillons et lorsqu\u2019il y a une d\u00e9faillance, elle se ressent sur l\u2019ensemble de la cha\u00eene. Pour le premier vice-pr\u00e9sident du Mouvement du peuple pour le progr\u00e8s (MPP), Cl\u00e9ment Pendgwend\u00e9 Sawadogo, co-animateur de la rencontre, des initiatives en cours vont permettre d\u2019\u00e9clairer l\u2019opinion. \u00ab Nous soutenons la d\u00e9marche de l\u2019Assembl\u00e9e nationale qui a mis en place une mission d\u2019information parlementaire sur la gestion du COVID-19. Donc, Wait and see ! \u00bb, a-t-il recommand\u00e9.<\/p>\n<p>Qu\u2019en est-il de la restauration de l\u2019autorit\u00e9 de l\u2019Etat ? R\u00e9agissant \u00e0 cette interrogation, M. Sawadogo a fait observer que la tendance \u00e0 travers le monde est \u00e0 la d\u00e9fiance de l\u2019autorit\u00e9 des gouvernants. \u00abCela s\u2019explique par la vitalit\u00e9 de la d\u00e9mocratie et de l\u2019\u00e9volution du monde qui donnent plus de libert\u00e9 aux citoyens \u00bb, a-t-il dit.<\/p>\n<p class=\"c1\"><strong>Beyon Romain NEBIE<\/strong><br \/><strong>beynebie@gmail.com<\/strong><\/p>\n<div class=\"td-a-rec td-a-rec-id-content_bottom tdi_31_aa6 td_block_template_1\"><img loading=\"lazy\" decoding=\"async\" class=\"aligncenter size-full wp-image-9623\" src=\"https:\/\/www.sidwaya.info\/wp-content\/uploads\/2019\/06\/Projet-bannie\u0300re-Orange-mobile.jpg\" alt=\"\" width=\"728\" height=\"81\"\/><\/div>\n<p>Auteur: DD. Sidwaya<br \/>\n<a href=\"https:\/\/www.sidwaya.info\/blog\/2020\/05\/07\/lutte-contre-le-covid-19-la-majorite-presidentielle-loue-les-efforts-du-gouvernement\/\">Cliquez ici pour lire l&rsquo;article depuis sa source.<\/a><\/p>\n","protected":false},"excerpt":{"rendered":"<p>L\u2019Alliance des partis et formations politiques de la majorit\u00e9 pr\u00e9sidentielle (APMP) a organis\u00e9, le jeudi 7 mai 2020 \u00e0 Ouagadougou, une conf\u00e9rence de presse sur l\u2019actualit\u00e9 nationale. Au menu des \u00e9changes, la gestion de la pand\u00e9mie du coronavirus et les \u00e9lections de novembre prochain. En d\u00e9pit des t\u00e2tonnements initiaux et de l\u2019impr\u00e9paration constat\u00e9s dans la [&hellip;]<\/p>\n","protected":false},"author":1816,"featured_media":84704,"comment_status":"closed","ping_status":"closed","sticky":false,"template":"","format":"standard","meta":{"fifu_image_url":"","fifu_image_alt":"","footnotes":""},"categories":[73,81],"tags":[],"class_list":["post-84703","post","type-post","status-publish","format-standard","has-post-thumbnail","hentry","category-actualite","category-burkina-faso"],"_links":{"self":[{"href":"https:\/\/linitiative.ca\/International\/wp-json\/wp\/v2\/posts\/84703","targetHints":{"allow":["GET"]}}],"collection":[{"href":"https:\/\/linitiative.ca\/International\/wp-json\/wp\/v2\/posts"}],"about":[{"href":"https:\/\/linitiative.ca\/International\/wp-json\/wp\/v2\/types\/post"}],"author":[{"embeddable":true,"href":"https:\/\/linitiative.ca\/International\/wp-json\/wp\/v2\/users\/1816"}],"replies":[{"embeddable":true,"href":"https:\/\/linitiative.ca\/International\/wp-json\/wp\/v2\/comments?post=84703"}],"version-history":[{"count":0,"href":"https:\/\/linitiative.ca\/International\/wp-json\/wp\/v2\/posts\/84703\/revisions"}],"wp:featuredmedia":[{"embeddable":true,"href":"https:\/\/linitiative.ca\/International\/wp-json\/"}],"wp:attachment":[{"href":"https:\/\/linitiative.ca\/International\/wp-json\/wp\/v2\/media?parent=84703"}],"wp:term":[{"taxonomy":"category","embeddable":true,"href":"https:\/\/linitiative.ca\/International\/wp-json\/wp\/v2\/categories?post=84703"},{"taxonomy":"post_tag","embeddable":true,"href":"https:\/\/linitiative.ca\/International\/wp-json\/wp\/v2\/tags?post=84703"}],"curies":[{"name":"wp","href":"https:\/\/api.w.org\/{rel}","templated":true}]}}