{"id":84711,"date":"2020-05-07T14:18:09","date_gmt":"2020-05-07T18:18:09","guid":{"rendered":"https:\/\/linitiative.ca\/International\/cote-divoire-entre-7-et-10-milliards-fcfa-pour-la-prise-en-charge-des-factures-delectricite-des-menages-au-tarif-social\/"},"modified":"2020-05-07T14:18:09","modified_gmt":"2020-05-07T18:18:09","slug":"cote-divoire-entre-7-et-10-milliards-fcfa-pour-la-prise-en-charge-des-factures-delectricite-des-menages-au-tarif-social","status":"publish","type":"post","link":"https:\/\/linitiative.ca\/International\/cote-divoire-entre-7-et-10-milliards-fcfa-pour-la-prise-en-charge-des-factures-delectricite-des-menages-au-tarif-social\/","title":{"rendered":"C\u00f4te d\u2019Ivoire: \u00abentre 7 et 10 milliards Fcfa\u00bb pour la prise en charge des factures d\u2019\u00e9lectricit\u00e9 des m\u00e9nages au tarif social"},"content":{"rendered":"<div readability=\"32\">\n<p>Publi\u00e9 le 07.05.2020 \u00e0 19h18 par APA News<\/p>\n<\/div>\n<div readability=\"114\">\n<p>L\u2019Etat de C\u00f4te d\u2019Ivoire a allou\u00e9 une enveloppe \u00ab entre 7 et 10 milliards Fcfa \u00bb pour la prise en charge des factures d\u2019\u00e9lectricit\u00e9 des m\u00e9nages abonn\u00e9s au tarif social domestique, a indiqu\u00e9 lundi le ministre du P\u00e9trole, de l\u2019\u00e9nergie et des \u00e9nergies renouvelables, Abdourahamane Ciss\u00e9.\u00ab Nous avons allou\u00e9 une enveloppe entre 7 et 10 milliards Fcfa pour prendre en charge les factures des m\u00e9nages qui sont au tarif social domestique \u00bb dans l\u2019optique de faire face au Covid-19, a dit M. Abdourahamane Ciss\u00e9, lors de la mise sous tension du village d\u2019Ono 14, dans le Sud-Est ivoirien.<\/p>\n<p>Cette prise en charge varie selon le type d\u2019abonnement, a fait observer M. Abdourahamane Ciss\u00e9. Il devrait permettre \u00e0 ces m\u00e9nages consid\u00e9r\u00e9s comme vuln\u00e9rables de pouvoir g\u00e9rer leur tr\u00e9sorerie en cette p\u00e9riode difficile. \u00a0 \u00a0<\/p>\n<p>Concernant le secteur de l\u2019\u00e9nergie, deux principales mesures ont \u00e9t\u00e9 prises pour att\u00e9nuer l\u2019impact du Covid-19 sur les m\u00e9nages. La premi\u00e8re est relative au report, pour une p\u00e9riode de trois mois, du paiement des factures d\u2019eau et d\u2019\u00e9lectricit\u00e9 pour l\u2019ensemble des m\u00e9nages. \u00a0<\/p>\n<p>De ce fait, la facture d\u2019avril devrait \u00eatre honor\u00e9e au mois de juillet, tandis que celle de mai devrait \u00eatre pay\u00e9e en ao\u00fbt 2020. En outre tous les m\u00e9nages ont la possibilit\u00e9 de payer leur facture de fa\u00e7on fractionn\u00e9e.<\/p>\n<p>La deuxi\u00e8me mesure, elle, vise les m\u00e9nages vuln\u00e9rables abonn\u00e9s aux tarifs social domestique, repr\u00e9sentant 40% des abonn\u00e9s aux r\u00e9seaux \u00e9lectrique en C\u00f4te d\u2019Ivoire, soit environ 1 million de m\u00e9nages. L\u2019Etat a d\u00e9cid\u00e9 de prendre en charge leurs factures qui devraient \u00eatre initialement pay\u00e9es en avril et en mai.<\/p>\n<p>Cette mesure a \u00e9t\u00e9 appliqu\u00e9e, a assur\u00e9 M. Abdourahamane Ciss\u00e9, avant d\u2019ajouter qu\u2019 \u00ab \u00e0 la date d\u2019aujourd\u2019hui, nous avons 576 000 m\u00e9nages sur les 670 000 qui sont (en mode) pr\u00e9pay\u00e9s qui ont effectivement b\u00e9n\u00e9fici\u00e9 de cr\u00e9dits d\u2019\u00e9nergie \u00bb.\u00a0<\/p>\n<p>\u00ab Pour le reste, nous les invitons \u00e0 aller recharger leur cr\u00e9dit d\u2019\u00e9nergie soit par mobile money ou en agence CIE (Compagnie ivoirienne d\u2019\u00e9lectricit\u00e9) \u00bb pour pouvoir b\u00e9n\u00e9ficier de cette mesure, a-t-il poursuivi sans \u00e9voquer de d\u00e9lai pour en \u00eatre toujours b\u00e9n\u00e9ficiaire. \u00a0 \u00a0<\/p>\n<p>Il a fait savoir que pour le tarif social domestique, l\u2019on compte environ 1 million de m\u00e9nages dans le pays, contre environ 670 000 m\u00e9nages abonn\u00e9s au tarif pr\u00e9pay\u00e9s et 380 000 qui sont en post payed. Pour ceux en post payed, \u00ab leurs factures sont (d\u2019ailleurs) prises en charges et cela est en cours \u00bb.\u00a0<\/p>\n<p>Poursuivant, M. Abdourahamane Ciss\u00e9 a relev\u00e9 qu\u2019il y a certains dont les factures devraient \u00eatre pay\u00e9es au mois de mai, toutefois \u00ab celles qui devraient \u00eatre pay\u00e9es en avril (\u2026) ont \u00e9t\u00e9 prises en charge \u00bb par l\u2019Etat. \u00a0\u00a0<\/p>\n<p>Les entreprises, elle, soulignera-t-il, b\u00e9n\u00e9ficient de mesures fiscales et de fonds mis en place par le gouvernement ivoirien. L\u2019Etat a institu\u00e9 un fonds de 100 milliards Fcfa pour soutenir les grandes entreprises, 150 milliards Fcfa pour les PME et 100 milliards pour accompagner le secteur informel.<\/p>\n<p>La crise sanitaire du Covid-19 a un impact sur la zone de l\u2019Union \u00e9conomique et mon\u00e9taire (Uemoa). Elle devrait faire perdre \u00e0 l\u2019union mon\u00e9taire environ 4 points de son Produit int\u00e9rieur brut (PIB), qui devrait passer de 6,6 \u00e0 un ordre de 2,7%, et fl\u00e9chir encore si la pand\u00e9mie dure plus longtemps, \u00a0a conclu M. Abdourahamane Ciss\u00e9. \u00a0\u00a0<\/p>\n<\/div>\n<p>Auteur: APA News<br \/>\n<a href=\"https:\/\/www.journalducameroun.com\/cote-divoire-entre-7-et-10-milliards-fcfa-pour-la-prise-en-charge-des-factures-delectricite-des-menages-au-tarif-social\/\">Cliquez ici pour lire l&rsquo;article depuis sa source.<\/a><\/p>\n","protected":false},"excerpt":{"rendered":"<p>Publi\u00e9 le 07.05.2020 \u00e0 19h18 par APA News L\u2019Etat de C\u00f4te d\u2019Ivoire a allou\u00e9 une enveloppe \u00ab entre 7 et 10 milliards Fcfa \u00bb pour la prise en charge des factures d\u2019\u00e9lectricit\u00e9 des m\u00e9nages abonn\u00e9s au tarif social domestique, a indiqu\u00e9 lundi le ministre du P\u00e9trole, de l\u2019\u00e9nergie et des \u00e9nergies renouvelables, Abdourahamane Ciss\u00e9.\u00ab Nous [&hellip;]<\/p>\n","protected":false},"author":1965,"featured_media":0,"comment_status":"closed","ping_status":"closed","sticky":false,"template":"","format":"standard","meta":{"fifu_image_url":"","fifu_image_alt":"","footnotes":""},"categories":[73,82],"tags":[],"class_list":["post-84711","post","type-post","status-publish","format-standard","hentry","category-actualite","category-cameroun"],"_links":{"self":[{"href":"https:\/\/linitiative.ca\/International\/wp-json\/wp\/v2\/posts\/84711","targetHints":{"allow":["GET"]}}],"collection":[{"href":"https:\/\/linitiative.ca\/International\/wp-json\/wp\/v2\/posts"}],"about":[{"href":"https:\/\/linitiative.ca\/International\/wp-json\/wp\/v2\/types\/post"}],"author":[{"embeddable":true,"href":"https:\/\/linitiative.ca\/International\/wp-json\/wp\/v2\/users\/1965"}],"replies":[{"embeddable":true,"href":"https:\/\/linitiative.ca\/International\/wp-json\/wp\/v2\/comments?post=84711"}],"version-history":[{"count":0,"href":"https:\/\/linitiative.ca\/International\/wp-json\/wp\/v2\/posts\/84711\/revisions"}],"wp:attachment":[{"href":"https:\/\/linitiative.ca\/International\/wp-json\/wp\/v2\/media?parent=84711"}],"wp:term":[{"taxonomy":"category","embeddable":true,"href":"https:\/\/linitiative.ca\/International\/wp-json\/wp\/v2\/categories?post=84711"},{"taxonomy":"post_tag","embeddable":true,"href":"https:\/\/linitiative.ca\/International\/wp-json\/wp\/v2\/tags?post=84711"}],"curies":[{"name":"wp","href":"https:\/\/api.w.org\/{rel}","templated":true}]}}