{"id":84712,"date":"2020-05-07T15:18:03","date_gmt":"2020-05-07T19:18:03","guid":{"rendered":"https:\/\/linitiative.ca\/International\/lesotho-le-premier-ministre-thabane-va-demissionner-en-fin-mai\/"},"modified":"2020-05-07T15:18:03","modified_gmt":"2020-05-07T19:18:03","slug":"lesotho-le-premier-ministre-thabane-va-demissionner-en-fin-mai","status":"publish","type":"post","link":"https:\/\/linitiative.ca\/International\/lesotho-le-premier-ministre-thabane-va-demissionner-en-fin-mai\/","title":{"rendered":"Lesotho : le Premier ministre Thabane va d\u00e9missionner en fin mai"},"content":{"rendered":"<div readability=\"32\">\n<p>Publi\u00e9 le 07.05.2020 \u00e0 20h18 par APA News<\/p>\n<\/div>\n<div readability=\"64\">\n<p>Le chef du gouvernement du Lesotho, Thomas Thabane, a annonc\u00e9 jeudi qu\u2019il allait rendre son tablier avant le 31 mai pour mettre fin \u00e0 des semaines de tension qui menacent la stabilit\u00e9 politique du Royaume.Le Premier ministre Thabane, 80 ans, avait pr\u00e9c\u00e9demment d\u00e9clar\u00e9 qu\u2019il prendrait sa retraite fin juillet. Il se dit d\u00e9sormais contraint par un amendement constitutionnel qui pr\u00e9voit son d\u00e9part \u00e0 la retraite.<\/p>\n<p>Adopt\u00e9 par le S\u00e9nat il y a quelques semaines, cet amendement publi\u00e9 au Journal officiel, limite les pouvoirs du Premier ministre comme dans la dissolution du Parlement ou l\u2019organisation de de nouvelles \u00e9lections.<\/p>\n<p>Cette modification constitutionnelle a pour effet d\u2019obliger le chef du gouvernement \u00e0 obtenir le consentement de la majorit\u00e9 des parlementaires avant de proposer au roi une dissolution du Parlement ou d\u2019organiser de nouvelles \u00e9lections au cas o\u00f9 les d\u00e9put\u00e9s voteraient contre lui.<\/p>\n<p>Thabane a r\u00e9sist\u00e9 ces derni\u00e8res semaines \u00e0 la pression du Parlement et de son propre parti qui voulaient le d\u00e9barquer imm\u00e9diatement \u00e0 cause d\u2019une affaire judiciaire pendante, qui ternit son image.<\/p>\n<p>Il est cit\u00e9 en effet avec son actuelle \u00e9pouse, Maesaiah, dans l\u2019assassinat de sa pr\u00e9c\u00e9dente femme, Liopelo, en 2017. L\u2019octog\u00e9naire fut d\u2019ailleurs inculp\u00e9 du meurtre quelques jours avant son investiture pour un second mandat.\u00a0<\/p>\n<p>Sa d\u00e9funte \u00e9pouse Liopelo avait \u00e9t\u00e9 assassin\u00e9e par balles en juin 2017.\u00a0<\/p>\n<\/div>\n<p>Auteur: APA News<br \/>\n<a href=\"https:\/\/www.journalducameroun.com\/lesotho-le-premier-ministre-thabane-va-demissionner-en-fin-mai\/\">Cliquez ici pour lire l&rsquo;article depuis sa source.<\/a><\/p>\n","protected":false},"excerpt":{"rendered":"<p>Publi\u00e9 le 07.05.2020 \u00e0 20h18 par APA News Le chef du gouvernement du Lesotho, Thomas Thabane, a annonc\u00e9 jeudi qu\u2019il allait rendre son tablier avant le 31 mai pour mettre fin \u00e0 des semaines de tension qui menacent la stabilit\u00e9 politique du Royaume.Le Premier ministre Thabane, 80 ans, avait pr\u00e9c\u00e9demment d\u00e9clar\u00e9 qu\u2019il prendrait sa retraite [&hellip;]<\/p>\n","protected":false},"author":1965,"featured_media":0,"comment_status":"closed","ping_status":"closed","sticky":false,"template":"","format":"standard","meta":{"fifu_image_url":"","fifu_image_alt":"","footnotes":""},"categories":[73,82],"tags":[],"class_list":["post-84712","post","type-post","status-publish","format-standard","hentry","category-actualite","category-cameroun"],"_links":{"self":[{"href":"https:\/\/linitiative.ca\/International\/wp-json\/wp\/v2\/posts\/84712","targetHints":{"allow":["GET"]}}],"collection":[{"href":"https:\/\/linitiative.ca\/International\/wp-json\/wp\/v2\/posts"}],"about":[{"href":"https:\/\/linitiative.ca\/International\/wp-json\/wp\/v2\/types\/post"}],"author":[{"embeddable":true,"href":"https:\/\/linitiative.ca\/International\/wp-json\/wp\/v2\/users\/1965"}],"replies":[{"embeddable":true,"href":"https:\/\/linitiative.ca\/International\/wp-json\/wp\/v2\/comments?post=84712"}],"version-history":[{"count":0,"href":"https:\/\/linitiative.ca\/International\/wp-json\/wp\/v2\/posts\/84712\/revisions"}],"wp:attachment":[{"href":"https:\/\/linitiative.ca\/International\/wp-json\/wp\/v2\/media?parent=84712"}],"wp:term":[{"taxonomy":"category","embeddable":true,"href":"https:\/\/linitiative.ca\/International\/wp-json\/wp\/v2\/categories?post=84712"},{"taxonomy":"post_tag","embeddable":true,"href":"https:\/\/linitiative.ca\/International\/wp-json\/wp\/v2\/tags?post=84712"}],"curies":[{"name":"wp","href":"https:\/\/api.w.org\/{rel}","templated":true}]}}