{"id":84714,"date":"2020-05-07T17:18:04","date_gmt":"2020-05-07T21:18:04","guid":{"rendered":"https:\/\/linitiative.ca\/International\/covid-19-lafrique-du-du-nord-compte-60-des-deces-en-afrique\/"},"modified":"2020-05-07T17:18:04","modified_gmt":"2020-05-07T21:18:04","slug":"covid-19-lafrique-du-du-nord-compte-60-des-deces-en-afrique","status":"publish","type":"post","link":"https:\/\/linitiative.ca\/International\/covid-19-lafrique-du-du-nord-compte-60-des-deces-en-afrique\/","title":{"rendered":"Covid-19: l\u2019Afrique du du Nord compte 60% des d\u00e9c\u00e8s en Afrique"},"content":{"rendered":"<div readability=\"32\">\n<p>Publi\u00e9 le 07.05.2020 \u00e0 22h18 par APA News<\/p>\n<\/div>\n<div readability=\"78\">\n<p>Environ 60% des d\u00e9c\u00e8s dus au Covid-19 en Afrique ont \u00e9t\u00e9 enregistr\u00e9s dans le Nord, selon les chiffres compil\u00e9s jeudi par Sanusi Research &amp; Consulting.Au 7 mai, l\u2019Afrique du Nord avait enregistr\u00e9 19.093 cas au total, dont 1.175 d\u00e9c\u00e8s et 6.546 gu\u00e9risons de cette maladie qui se propage \u00e0 travers le monde comme une tra\u00een\u00e9e de poudre.<\/p>\n<p>Des d\u00e9c\u00e8s ont \u00e9t\u00e9 enregistr\u00e9s notamment en Alg\u00e9rie (476), en Egypte (469), en Libye (3), en Mauritanie (1), au Maroc (183) et en Tunisie (43).<\/p>\n<p>La r\u00e9gion nord de l\u2019Afrique a \u00e9galement le pourcentage le plus \u00e9lev\u00e9 de cas totaux (37%) et de gu\u00e9risons (37%) enregistr\u00e9s sur le continent.<\/p>\n<p>Sur l\u2019ensemble du continent, l\u2019Afrique de l\u2019ouest arrive en deuxi\u00e8me position pour le taux le plus \u00e9lev\u00e9 du nombre total de cas (27%), le nombre total de d\u00e9c\u00e8s (17%) et le total de gu\u00e9risons (17%).<\/p>\n<p>L\u2019Afrique australe, orientale et centrale repr\u00e9sente respectivement 16%, 12% et 8% du total des cas enregistr\u00e9s sur le continent.<\/p>\n<p>L\u2019Afrique centrale, avec 7% du total des d\u00e9c\u00e8s et 7% du total des gu\u00e9risons, a le taux de mortalit\u00e9 le plus faible parmi les cinq blocs r\u00e9gionaux de l\u2019Afrique.<\/p>\n<p>L\u2019Afrique australe et l\u2019Afrique de l\u2019est repr\u00e9sentent respectivement 17% et 15% du total des gu\u00e9risons, et ces deux r\u00e9gions repr\u00e9sentent chacune 8% du total des d\u00e9c\u00e8s.<\/p>\n<p>L\u2019Afrique a enregistr\u00e9 \u00e0 ce jour, 51.572 cas, dont 1.950 d\u00e9c\u00e8s et 17.458 qui sont gu\u00e9ris du virus.<\/p>\n<p>Par ailleurs, le monde a enregistr\u00e9 3.778.012 cas, sont 261.243 d\u00e9c\u00e8s et 1.275.296 personnes gu\u00e9ries du Covid-19 depuis le d\u00e9but de la pand\u00e9mie \u00e0 la fin de l\u2019ann\u00e9e derni\u00e8re.<\/p>\n<\/div>\n<p>Auteur: APA News<br \/>\n<a href=\"https:\/\/www.journalducameroun.com\/covid-19-lafrique-du-du-nord-compte-60-des-deces-en-afrique\/\">Cliquez ici pour lire l&rsquo;article depuis sa source.<\/a><\/p>\n","protected":false},"excerpt":{"rendered":"<p>Publi\u00e9 le 07.05.2020 \u00e0 22h18 par APA News Environ 60% des d\u00e9c\u00e8s dus au Covid-19 en Afrique ont \u00e9t\u00e9 enregistr\u00e9s dans le Nord, selon les chiffres compil\u00e9s jeudi par Sanusi Research &amp; Consulting.Au 7 mai, l\u2019Afrique du Nord avait enregistr\u00e9 19.093 cas au total, dont 1.175 d\u00e9c\u00e8s et 6.546 gu\u00e9risons de cette maladie qui se [&hellip;]<\/p>\n","protected":false},"author":1965,"featured_media":0,"comment_status":"closed","ping_status":"closed","sticky":false,"template":"","format":"standard","meta":{"fifu_image_url":"","fifu_image_alt":"","footnotes":""},"categories":[73,82],"tags":[],"class_list":["post-84714","post","type-post","status-publish","format-standard","hentry","category-actualite","category-cameroun"],"_links":{"self":[{"href":"https:\/\/linitiative.ca\/International\/wp-json\/wp\/v2\/posts\/84714","targetHints":{"allow":["GET"]}}],"collection":[{"href":"https:\/\/linitiative.ca\/International\/wp-json\/wp\/v2\/posts"}],"about":[{"href":"https:\/\/linitiative.ca\/International\/wp-json\/wp\/v2\/types\/post"}],"author":[{"embeddable":true,"href":"https:\/\/linitiative.ca\/International\/wp-json\/wp\/v2\/users\/1965"}],"replies":[{"embeddable":true,"href":"https:\/\/linitiative.ca\/International\/wp-json\/wp\/v2\/comments?post=84714"}],"version-history":[{"count":0,"href":"https:\/\/linitiative.ca\/International\/wp-json\/wp\/v2\/posts\/84714\/revisions"}],"wp:attachment":[{"href":"https:\/\/linitiative.ca\/International\/wp-json\/wp\/v2\/media?parent=84714"}],"wp:term":[{"taxonomy":"category","embeddable":true,"href":"https:\/\/linitiative.ca\/International\/wp-json\/wp\/v2\/categories?post=84714"},{"taxonomy":"post_tag","embeddable":true,"href":"https:\/\/linitiative.ca\/International\/wp-json\/wp\/v2\/tags?post=84714"}],"curies":[{"name":"wp","href":"https:\/\/api.w.org\/{rel}","templated":true}]}}