{"id":84715,"date":"2020-05-07T10:55:26","date_gmt":"2020-05-07T14:55:26","guid":{"rendered":"https:\/\/linitiative.ca\/International\/devaluation-du-fcfa-motaze-ny-croit-pas\/"},"modified":"2020-05-07T10:55:26","modified_gmt":"2020-05-07T14:55:26","slug":"devaluation-du-fcfa-motaze-ny-croit-pas","status":"publish","type":"post","link":"https:\/\/linitiative.ca\/International\/devaluation-du-fcfa-motaze-ny-croit-pas\/","title":{"rendered":"D\u00e9valuation du Fcfa: Motaze n\u2019y croit pas!"},"content":{"rendered":"<div id=\"the-post\">\n<div class=\"featured-area featured-area-inner\"><img loading=\"lazy\" decoding=\"async\" width=\"624\" height=\"351\" src=\"https:\/\/ecomatin.net\/wp-content\/uploads\/2020\/05\/MOTAZE.jpg\" class=\"attachment-jannah-image-post size-jannah-image-post wp-post-image\" alt=\"Louis MOTAZE\" srcset=\"https:\/\/ecomatin.net\/wp-content\/uploads\/2020\/05\/MOTAZE.jpg 624w, https:\/\/ecomatin.net\/wp-content\/uploads\/2020\/05\/MOTAZE-300x169.jpg 300w, https:\/\/ecomatin.net\/wp-content\/uploads\/2020\/05\/MOTAZE-390x220.jpg 390w\" sizes=\"auto, (max-width: 624px) 100vw, 624px\" data-attachment-id=\"15820\" data-permalink=\"https:\/\/ecomatin.net\/devaluation-du-fcfa-motaze-ny-croit-pas\/motaze-2\/\" data-orig-file=\"https:\/\/ecomatin.net\/wp-content\/uploads\/2020\/05\/MOTAZE.jpg\" data-orig-size=\"624,351\" data-comments-opened=\"0\" data-image-meta=\"{&quot;aperture&quot;:&quot;0&quot;,&quot;credit&quot;:&quot;&quot;,&quot;camera&quot;:&quot;&quot;,&quot;caption&quot;:&quot;&quot;,&quot;created_timestamp&quot;:&quot;0&quot;,&quot;copyright&quot;:&quot;&quot;,&quot;focal_length&quot;:&quot;0&quot;,&quot;iso&quot;:&quot;0&quot;,&quot;shutter_speed&quot;:&quot;0&quot;,&quot;title&quot;:&quot;&quot;,&quot;orientation&quot;:&quot;0&quot;}\" data-image-title=\"MOTAZE\" data-image-description=\"\" data-medium-file=\"https:\/\/ecomatin.net\/wp-content\/uploads\/2020\/05\/MOTAZE-300x169.jpg\" data-large-file=\"https:\/\/ecomatin.net\/wp-content\/uploads\/2020\/05\/MOTAZE.jpg\"\/><\/div>\n<div class=\"entry-content entry clearfix\" readability=\"59.083771251932\">\n<p>\u00ab\u00a0<em>Le risque qui planait sur notre t\u00eate \u00e0 propos de la d\u00e9valuation a \u00e9t\u00e9 un peu \u00e9vacu\u00e9<\/em>\u00a0\u00bb ainsi parlait le Ministre des Finances dans une interview accord\u00e9e ce 06 mai au quotidien national Cameroon Tribune. Louis Paul Motaze r\u00e9pondait \u00e0 l\u2019hypoth\u00e8se d\u2019une nouvelle d\u00e9valuation du FCFA \u00e9mise par la Beac dans son rapport sur la politique mon\u00e9taire publi\u00e9 le 27 avril. Selon l\u2019institution d\u2019\u00e9mission, la crise sanitaire qui frappe de plein fouet les \u00e9conomies de la Cemac pourrait exposer la sous r\u00e9gion au m\u00eame sc\u00e9nario d\u00e9pressif de 2016 avec en ligne de mire la possibilit\u00e9 d\u2019une nouvelle d\u00e9valuation.<\/p>\n<p>Un sc\u00e9nario que n\u2019envisage pas le ministre camerounais des finances. Selon lui la situation de 2016 a d\u00e9j\u00e0 \u00e9vacu\u00e9e. \u00ab\u00a0<em>Les mesures que les chefs d\u2019Etat(de la CEMAC ndlr) avaient prises en d\u00e9cembre 2016 ont eu de l\u2019effet. Nous \u00e9tions arriv\u00e9s \u00e0 un niveau de r\u00e9serves qui tournaient autour de deux mois et cela \u00e9tait vraiment dangereux \u00e9quivalant \u00e0 deux mois d\u2019importations, \u00e0 une l\u00e9g\u00e8re remont\u00e9e. Nous \u00e9tions d\u00e9j\u00e0 \u00e0 3,5 on allait vers 4 mois et le Cameroun \u00e0 lui seul \u00e9tait d\u00e9j\u00e0 vers six. C\u2019est pour cela que, pensons nous, le risque qui planait sur nos t\u00eates \u00a0a un peu \u00e9t\u00e9 \u00e9vacu\u00e9<\/em>\u00a0\u00bb a-t-il d\u00e9clar\u00e9.<\/p>\n<p class=\"has-background has-very-light-gray-background-color c2\"><strong><code>&gt;&gt;LIRE AUSSI-<\/code><\/strong> <a href=\"https:\/\/ecomatin.net\/cemac-le-spectre-dun-devaluation-du-fcfa-plane-a-nouveau\/\"><strong>Cemac: le spectre d\u2019un d\u00e9valuation du FCFA plane \u00e0 nouveau<\/strong><\/a><\/p>\n<p>A propos des risques d\u2019une nouvelle d\u00e9valuation de la monnaie du fait des cons\u00e9quences d\u00e9sastreuses de la pand\u00e9mie du Covid-19 sur les \u00e9conomies, le Minfi n\u2019y cro\u00eet pas. \u00ab\u00a0<em>Les chefs d\u2019Etat ont pos\u00e9 plut\u00f4t un autre probl\u00e8me s\u2019agissant du FCFA, travail qui a \u00e9t\u00e9 mis sous la responsabilit\u00e9 du pr\u00e9sident de la commission de la Cemac et du gouverneur de la Beac. Il se fait maintenant qu\u2019il y\u2019a une crise dont personne ne conna\u00eet encore les cons\u00e9quences ultimes mais cela m\u2019\u00e9tonnerait que la r\u00e9ponse soit seulement cela\u00a0\u00bb<\/em> a-t-il affirm\u00e9 avant d\u2019ajouter <em>\u00ab\u00a0les Etats sont en train de travailler pour mitiger les effets de cette crise<\/em>.\u00a0\u00bb<\/p>\n<p>Pour \u00e9viter le sc\u00e9nario de la d\u00e9valuation, la Beac a formul\u00e9 quelques recommandations \u00e0 l\u2019endroit des Etats de la Cemac. Il s\u2019agit, entres autres, \u00ab <em>d\u2019identifier les mesures de soutien en faveur des entreprises qui seront affect\u00e9es par la crise et aligner la gestion des finances publiques sur des pr\u00e9visions actualis\u00e9es et r\u00e9alistes de recettes budg\u00e9taires<\/em> \u00bb. En direction des \u00e9tablissements de cr\u00e9dit, elle pr\u00e9conise \u00ab <em>d\u2019approvisionner suffisamment leurs clients en signes mon\u00e9taires, notamment en s\u2019assurant de la disponibilit\u00e9 et du bon fonctionnement de leur r\u00e9seau, y compris les DAB\/ GAB, garantir la fourniture de l\u2019ensemble des services et renforcer les op\u00e9rations des banques \u00e0 distance et revoir \u00e0 la baisse les conditions des banques Beac prescrit en direction des Etats<\/em> \u00bb.<\/p>\n<div class=\"awac-wrapper awac widget posts-list-widget-13\">\n<h4 class=\"widget-title\">Recent Posts<\/h4>\n<\/div>\n<\/div>\n<\/div>\n<div readability=\"31.5\">\n<div class=\"container-wrapper subscribe-widget widget-inner-wrap subscribe-widget-content\" id=\"post-newsletter\" readability=\"33\">\n<h4>With Product You Purchase<\/h4>\n<h3>Subscribe to our mailing list to get the new updates!<\/h3>\n<p>Lorem ipsum dolor sit amet, consectetur.<\/p>\n<\/div>\n<\/div>\n<p>Auteur: EcoMatin<br \/>\n<a href=\"https:\/\/ecomatin.net\/devaluation-du-fcfa-motaze-ny-croit-pas\/\">Cliquez ici pour lire l&rsquo;article depuis sa source.<\/a><\/p>\n","protected":false},"excerpt":{"rendered":"<p>\u00ab\u00a0Le risque qui planait sur notre t\u00eate \u00e0 propos de la d\u00e9valuation a \u00e9t\u00e9 un peu \u00e9vacu\u00e9\u00a0\u00bb ainsi parlait le Ministre des Finances dans une interview accord\u00e9e ce 06 mai au quotidien national Cameroon Tribune. Louis Paul Motaze r\u00e9pondait \u00e0 l\u2019hypoth\u00e8se d\u2019une nouvelle d\u00e9valuation du FCFA \u00e9mise par la Beac dans son rapport sur la [&hellip;]<\/p>\n","protected":false},"author":1969,"featured_media":84716,"comment_status":"closed","ping_status":"closed","sticky":false,"template":"","format":"standard","meta":{"fifu_image_url":"","fifu_image_alt":"","footnotes":""},"categories":[82,78],"tags":[],"class_list":["post-84715","post","type-post","status-publish","format-standard","has-post-thumbnail","hentry","category-cameroun","category-economie"],"_links":{"self":[{"href":"https:\/\/linitiative.ca\/International\/wp-json\/wp\/v2\/posts\/84715","targetHints":{"allow":["GET"]}}],"collection":[{"href":"https:\/\/linitiative.ca\/International\/wp-json\/wp\/v2\/posts"}],"about":[{"href":"https:\/\/linitiative.ca\/International\/wp-json\/wp\/v2\/types\/post"}],"author":[{"embeddable":true,"href":"https:\/\/linitiative.ca\/International\/wp-json\/wp\/v2\/users\/1969"}],"replies":[{"embeddable":true,"href":"https:\/\/linitiative.ca\/International\/wp-json\/wp\/v2\/comments?post=84715"}],"version-history":[{"count":0,"href":"https:\/\/linitiative.ca\/International\/wp-json\/wp\/v2\/posts\/84715\/revisions"}],"wp:featuredmedia":[{"embeddable":true,"href":"https:\/\/linitiative.ca\/International\/wp-json\/"}],"wp:attachment":[{"href":"https:\/\/linitiative.ca\/International\/wp-json\/wp\/v2\/media?parent=84715"}],"wp:term":[{"taxonomy":"category","embeddable":true,"href":"https:\/\/linitiative.ca\/International\/wp-json\/wp\/v2\/categories?post=84715"},{"taxonomy":"post_tag","embeddable":true,"href":"https:\/\/linitiative.ca\/International\/wp-json\/wp\/v2\/tags?post=84715"}],"curies":[{"name":"wp","href":"https:\/\/api.w.org\/{rel}","templated":true}]}}