{"id":84717,"date":"2020-05-07T11:36:45","date_gmt":"2020-05-07T15:36:45","guid":{"rendered":"https:\/\/linitiative.ca\/International\/pourquoi-les-masques-de-cicam-coutent-1300-f\/"},"modified":"2020-05-07T11:36:45","modified_gmt":"2020-05-07T15:36:45","slug":"pourquoi-les-masques-de-cicam-coutent-1300-f","status":"publish","type":"post","link":"https:\/\/linitiative.ca\/International\/pourquoi-les-masques-de-cicam-coutent-1300-f\/","title":{"rendered":"Pourquoi les masques de Cicam co\u00fbtent 1300 F"},"content":{"rendered":"<p>\u00a0Chose promise, chose due. La Cotonni\u00e8re industrielle du Cameroun (Cicam), qui avait annonc\u00e9 mi-avril 2020 la production \u00e0 grande \u00e9chelle des masques de protection a mis en vente d\u00e8s ce jeudi 7 mai, des kits normalis\u00e9s en vue de prot\u00e9ger les populations contre la propagation du Coronavirus. L\u2019annonce est de la Direction commerciale et marketing de l\u2019entreprise. Sur le mode d\u2019usage, apprend-on,\u00a0\u00a0ils seront lavables au moins 15 fois et r\u00e9utilisables. S\u2019agissant du co\u00fbt il est vendu \u00e0 raison de 1300 FCFA l\u2019unit\u00e9.<\/p>\n<p>Dans les couloirs de Cicam, ce prix se justifie \u00ab\u00a0<em>l\u2019Etat n\u2019a pas subventionn\u00e9 la production du masque par Cicam. Il lui a donc demand\u00e9 de vendre le tissu aux producteurs de masques\u00a0<\/em>\u00bbd\u00e9clare une source.\u00a0\u00a0Pour apaiser les tensions, l\u2019on associe ce prix \u00e0 la dur\u00e9e du masque \u00ab\u00a0<em>il co\u00fbte 1300 FCFA, lavable 15 fois. Si on divise 1300 FCFA par 15, il vous revient donc \u00e0 86 FCFA<\/em>\u00a0\u00bb dit-on.<\/p>\n<p class=\"has-background has-very-light-gray-background-color c2\"><strong><code>&gt;&gt;LIRE AUSSI-<\/code><\/strong> <a href=\"https:\/\/ecomatin.net\/covid-19-la-cicam-se-lance-dans-la-production-des-masques\/\"><strong>Covid-19 : la Cicam se lance dans la production des masques<\/strong><\/a><\/p>\n<p>Depuis l\u2019annonce de cette nouvelle, chacun y va de son commentaire. Certains compatriotes estiment que l\u2019entreprise est visiblement en retard par rapport au challenge \u00e0 lui confi\u00e9 par le ministre des Mines de l\u2019Industrie et du d\u00e9veloppement technologique. D\u2019autres par contre surfent sur le pouvoir d\u2019achat des camerounais qu\u2019ils trouvent faible pour s\u2019offrir un masque \u00e0 1300 FCFA, la pi\u00e8ce. \u00ab\u00a0<em>Excusez-moi, mais \u00e0 ce prix c\u2019est un scandale. Pour un retrait\u00e9, je pr\u00e9f\u00e8re acheter le masque de 250 FCFA. En plus, on en trouve d\u00e9sormais partout, pourquoi surench\u00e9rir un produit qu\u2019on devrait distribuer gratuitement. C\u2019est pour l\u2019int\u00e9r\u00eat de tous<\/em>\u00a0\u00bb l\u00e2che Antoine Eloundou, retrait\u00e9. Dans tous les cas, avec la d\u00e9mocratisation de la fabrication des masques chaque camerounais peut faire son choix selon sa bourse laissent entendre de nombreux riverains.<\/p>\n<p>Pour l\u2019heure, la quantit\u00e9 de masques mis sur le march\u00e9 reste un myst\u00e8re.\u00a0\u00a0Nonobstant Cicam avait annonc\u00e9, le 08 avril dernier une production de 15 millions de masques par mois.\u00a0La premi\u00e8re cargaison de ces masques, \u00e9tait annonc\u00e9e sur le march\u00e9 pour le 15 avril. Une premi\u00e8re cargaison qui a finalement connu un retard du fait de l\u2019acquisition tardive du tissu normalis\u00e9 prescrit par le ministre des Mines, de l\u2019Industrie et du d\u00e9veloppement technologique Gabriel Dodo Ndoke.<\/p>\n<p>Pour assurer la production, les acteurs majeurs de la fili\u00e8re coton-textile-confection, \u00e0 l\u2019instar d\u2019Ecotec, sont mobilis\u00e9s pour r\u00e9pondre \u00e0 la demande croissante de ces \u00e9quipements de protection. Au moment o\u00f9 le port du masque est obligatoire, cette action apparait comme la contribution des acteurs majeurs de la fili\u00e8re textile au c\u00f4t\u00e9 du gouvernement dans la lutte contre le Covid-19.<\/p>\n<div class=\"awac-wrapper awac widget posts-list-widget-13\">\n<h4 class=\"widget-title\">Recent Posts<\/h4>\n<\/div>\n<p>Auteur: EcoMatin<br \/>\n<a href=\"https:\/\/ecomatin.net\/pourquoi-les-masques-de-cicam-coutent-1300-f\/\">Cliquez ici pour lire l&rsquo;article depuis sa source.<\/a><\/p>\n","protected":false},"excerpt":{"rendered":"<p>\u00a0Chose promise, chose due. La Cotonni\u00e8re industrielle du Cameroun (Cicam), qui avait annonc\u00e9 mi-avril 2020 la production \u00e0 grande \u00e9chelle des masques de protection a mis en vente d\u00e8s ce jeudi 7 mai, des kits normalis\u00e9s en vue de prot\u00e9ger les populations contre la propagation du Coronavirus. L\u2019annonce est de la Direction commerciale et marketing [&hellip;]<\/p>\n","protected":false},"author":1969,"featured_media":0,"comment_status":"closed","ping_status":"closed","sticky":false,"template":"","format":"standard","meta":{"fifu_image_url":"","fifu_image_alt":"","footnotes":""},"categories":[82,78],"tags":[],"class_list":["post-84717","post","type-post","status-publish","format-standard","hentry","category-cameroun","category-economie"],"_links":{"self":[{"href":"https:\/\/linitiative.ca\/International\/wp-json\/wp\/v2\/posts\/84717","targetHints":{"allow":["GET"]}}],"collection":[{"href":"https:\/\/linitiative.ca\/International\/wp-json\/wp\/v2\/posts"}],"about":[{"href":"https:\/\/linitiative.ca\/International\/wp-json\/wp\/v2\/types\/post"}],"author":[{"embeddable":true,"href":"https:\/\/linitiative.ca\/International\/wp-json\/wp\/v2\/users\/1969"}],"replies":[{"embeddable":true,"href":"https:\/\/linitiative.ca\/International\/wp-json\/wp\/v2\/comments?post=84717"}],"version-history":[{"count":0,"href":"https:\/\/linitiative.ca\/International\/wp-json\/wp\/v2\/posts\/84717\/revisions"}],"wp:attachment":[{"href":"https:\/\/linitiative.ca\/International\/wp-json\/wp\/v2\/media?parent=84717"}],"wp:term":[{"taxonomy":"category","embeddable":true,"href":"https:\/\/linitiative.ca\/International\/wp-json\/wp\/v2\/categories?post=84717"},{"taxonomy":"post_tag","embeddable":true,"href":"https:\/\/linitiative.ca\/International\/wp-json\/wp\/v2\/tags?post=84717"}],"curies":[{"name":"wp","href":"https:\/\/api.w.org\/{rel}","templated":true}]}}