{"id":84718,"date":"2020-05-07T11:53:47","date_gmt":"2020-05-07T15:53:47","guid":{"rendered":"https:\/\/linitiative.ca\/International\/eneo-annonce-un-week-end-noir-a-yaounde-et-ses-environs\/"},"modified":"2020-05-07T11:53:47","modified_gmt":"2020-05-07T15:53:47","slug":"eneo-annonce-un-week-end-noir-a-yaounde-et-ses-environs","status":"publish","type":"post","link":"https:\/\/linitiative.ca\/International\/eneo-annonce-un-week-end-noir-a-yaounde-et-ses-environs\/","title":{"rendered":"Eneo annonce un week-end noir \u00e0 Yaound\u00e9 et ses environs"},"content":{"rendered":"<div id=\"the-post\">\n<div class=\"featured-area featured-area-inner\"><img loading=\"lazy\" decoding=\"async\" width=\"780\" height=\"470\" src=\"https:\/\/ecomatin.net\/wp-content\/uploads\/2020\/05\/ENEO-780x470.jpg\" class=\"attachment-jannah-image-post size-jannah-image-post wp-post-image\" alt=\"un potequ &#xE9;lctrique\" data-attachment-id=\"15828\" data-permalink=\"https:\/\/ecomatin.net\/eneo-annonce-un-week-end-noir-a-yaounde-et-ses-environs\/eneo-8\/\" data-orig-file=\"https:\/\/ecomatin.net\/wp-content\/uploads\/2020\/05\/ENEO.jpg\" data-orig-size=\"1023,575\" data-comments-opened=\"0\" data-image-meta=\"{&quot;aperture&quot;:&quot;0&quot;,&quot;credit&quot;:&quot;&quot;,&quot;camera&quot;:&quot;&quot;,&quot;caption&quot;:&quot;&quot;,&quot;created_timestamp&quot;:&quot;0&quot;,&quot;copyright&quot;:&quot;&quot;,&quot;focal_length&quot;:&quot;0&quot;,&quot;iso&quot;:&quot;0&quot;,&quot;shutter_speed&quot;:&quot;0&quot;,&quot;title&quot;:&quot;&quot;,&quot;orientation&quot;:&quot;0&quot;}\" data-image-title=\"ENEO\" data-image-description=\"\" data-medium-file=\"https:\/\/ecomatin.net\/wp-content\/uploads\/2020\/05\/ENEO-300x169.jpg\" data-large-file=\"https:\/\/ecomatin.net\/wp-content\/uploads\/2020\/05\/ENEO.jpg\"\/><\/div>\n<div class=\"entry-content entry clearfix\" readability=\"43.140404659718\">\n<p>Yaound\u00e9 et ses environs seront \u00e0 nouveau priv\u00e9s d\u2019\u00e9nergie entre le 8 et le 11 mai prochains. Au lendemain de l\u2019incident survenu dans la nuit du 29 au 30 avril 2020, sur le r\u00e9seau de transport Ed\u00e9a-Yaound\u00e9 (225 kV), lequel a affect\u00e9 40% des m\u00e9nages, Eneo, pr\u00e9pare les populations \u00e0 une interruption totale de la fourniture de l\u2019\u00e9nergie \u00e9lectrique.<\/p>\n<p>Et pour cause, d\u2019importants travaux programm\u00e9s par la Soci\u00e9t\u00e9 nationale de transport de l\u2019\u00e9lectricit\u00e9 (Sonatrel) sont pr\u00e9vus pour la p\u00e9riode allant du 08 au 10 mai 2020. \u00ab<em>Il s\u2019agira essentiellement des travaux de remplacement des transformateurs de grande capacit\u00e9 respectivement dans les postes sources de Kondengui et d\u2019Ahala<\/em>\u00bb, peut on lire dans un communiqu\u00e9 publi\u00e9 ce mercredi 6 mai 2020. Ainsi une soixantaine de quartiers seront priv\u00e9s d\u2019\u00e9lectricit\u00e9 respectivement dans les sept arrondissements de la ville de Yaound\u00e9 et ses environs.<\/p>\n<p>A cette occasion, Eneo Cameroon recommande \u00e0 ses clients d\u2019activer leurs sources alternatives d\u2019\u00e9nergies, de d\u00e9brancher tous les appareils sensibles et de ne les brancher que 15 minutes apr\u00e8s le retour effectif et la stabilit\u00e9 du courant.<\/p>\n<p class=\"has-background has-very-light-gray-background-color c2\"><strong><code>&gt;&gt;LIRE AUSSI-<\/code><\/strong> <a href=\"https:\/\/ecomatin.net\/yaounde-retour-progressif-de-lenergie-electrique\/\"><strong>Yaound\u00e9 : retour progressif de l\u2019\u00e9nergie \u00e9lectrique<\/strong><\/a><\/p>\n<div class=\"awac-wrapper awac widget posts-list-widget-13\">\n<h4 class=\"widget-title\">Recent Posts<\/h4>\n<\/div>\n<\/div>\n<\/div>\n<div readability=\"31.5\">\n<div class=\"container-wrapper subscribe-widget widget-inner-wrap subscribe-widget-content\" id=\"post-newsletter\" readability=\"33\">\n<h4>With Product You Purchase<\/h4>\n<h3>Subscribe to our mailing list to get the new updates!<\/h3>\n<p>Lorem ipsum dolor sit amet, consectetur.<\/p>\n<\/div>\n<\/div>\n<p>Auteur: EcoMatin<br \/>\n<a href=\"https:\/\/ecomatin.net\/eneo-annonce-un-week-end-noir-a-yaounde-et-ses-environs\/\">Cliquez ici pour lire l&rsquo;article depuis sa source.<\/a><\/p>\n","protected":false},"excerpt":{"rendered":"<p>Yaound\u00e9 et ses environs seront \u00e0 nouveau priv\u00e9s d\u2019\u00e9nergie entre le 8 et le 11 mai prochains. Au lendemain de l\u2019incident survenu dans la nuit du 29 au 30 avril 2020, sur le r\u00e9seau de transport Ed\u00e9a-Yaound\u00e9 (225 kV), lequel a affect\u00e9 40% des m\u00e9nages, Eneo, pr\u00e9pare les populations \u00e0 une interruption totale de la [&hellip;]<\/p>\n","protected":false},"author":1969,"featured_media":84719,"comment_status":"closed","ping_status":"closed","sticky":false,"template":"","format":"standard","meta":{"fifu_image_url":"","fifu_image_alt":"","footnotes":""},"categories":[82,78],"tags":[],"class_list":["post-84718","post","type-post","status-publish","format-standard","has-post-thumbnail","hentry","category-cameroun","category-economie"],"_links":{"self":[{"href":"https:\/\/linitiative.ca\/International\/wp-json\/wp\/v2\/posts\/84718","targetHints":{"allow":["GET"]}}],"collection":[{"href":"https:\/\/linitiative.ca\/International\/wp-json\/wp\/v2\/posts"}],"about":[{"href":"https:\/\/linitiative.ca\/International\/wp-json\/wp\/v2\/types\/post"}],"author":[{"embeddable":true,"href":"https:\/\/linitiative.ca\/International\/wp-json\/wp\/v2\/users\/1969"}],"replies":[{"embeddable":true,"href":"https:\/\/linitiative.ca\/International\/wp-json\/wp\/v2\/comments?post=84718"}],"version-history":[{"count":0,"href":"https:\/\/linitiative.ca\/International\/wp-json\/wp\/v2\/posts\/84718\/revisions"}],"wp:featuredmedia":[{"embeddable":true,"href":"https:\/\/linitiative.ca\/International\/wp-json\/"}],"wp:attachment":[{"href":"https:\/\/linitiative.ca\/International\/wp-json\/wp\/v2\/media?parent=84718"}],"wp:term":[{"taxonomy":"category","embeddable":true,"href":"https:\/\/linitiative.ca\/International\/wp-json\/wp\/v2\/categories?post=84718"},{"taxonomy":"post_tag","embeddable":true,"href":"https:\/\/linitiative.ca\/International\/wp-json\/wp\/v2\/tags?post=84718"}],"curies":[{"name":"wp","href":"https:\/\/api.w.org\/{rel}","templated":true}]}}