{"id":84722,"date":"2020-05-07T14:04:02","date_gmt":"2020-05-07T18:04:02","guid":{"rendered":"https:\/\/linitiative.ca\/International\/jean-louis-beh-mengue-atteint-de-coronavirus\/"},"modified":"2020-05-07T14:04:02","modified_gmt":"2020-05-07T18:04:02","slug":"jean-louis-beh-mengue-atteint-de-coronavirus","status":"publish","type":"post","link":"https:\/\/linitiative.ca\/International\/jean-louis-beh-mengue-atteint-de-coronavirus\/","title":{"rendered":"Jean-Louis Beh Mengue atteint de coronavirus"},"content":{"rendered":"<div id=\"the-post\">\n<div class=\"featured-area featured-area-inner\"><img loading=\"lazy\" decoding=\"async\" width=\"780\" height=\"450\" src=\"https:\/\/ecomatin.net\/wp-content\/uploads\/2020\/05\/Jean-Louis-Beh-Mengue_DG-ART-780x450.jpg\" class=\"attachment-jannah-image-post size-jannah-image-post wp-post-image\" alt=\"Jean Louis Beh Mengue\" data-attachment-id=\"15838\" data-permalink=\"https:\/\/ecomatin.net\/jean-louis-beh-mengue-atteint-de-coronavirus\/jean-louis-beh-mengue_dg-art\/\" data-orig-file=\"https:\/\/ecomatin.net\/wp-content\/uploads\/2020\/05\/Jean-Louis-Beh-Mengue_DG-ART.jpg\" data-orig-size=\"900,450\" data-comments-opened=\"0\" data-image-meta=\"{&quot;aperture&quot;:&quot;2.4&quot;,&quot;credit&quot;:&quot;&quot;,&quot;camera&quot;:&quot;Canon LEGRIA HF G25&quot;,&quot;caption&quot;:&quot;&quot;,&quot;created_timestamp&quot;:&quot;1367086236&quot;,&quot;copyright&quot;:&quot;&quot;,&quot;focal_length&quot;:&quot;8.88&quot;,&quot;iso&quot;:&quot;0&quot;,&quot;shutter_speed&quot;:&quot;0.02&quot;,&quot;title&quot;:&quot;&quot;,&quot;orientation&quot;:&quot;1&quot;}\" data-image-title=\"Jean-Louis-Beh-Mengue_DG-ART\" data-image-description=\"\" data-medium-file=\"https:\/\/ecomatin.net\/wp-content\/uploads\/2020\/05\/Jean-Louis-Beh-Mengue_DG-ART-300x150.jpg\" data-large-file=\"https:\/\/ecomatin.net\/wp-content\/uploads\/2020\/05\/Jean-Louis-Beh-Mengue_DG-ART.jpg\"\/><\/div>\n<div class=\"entry-content entry clearfix\" readability=\"42.024\">\n<p>Ce lundi 04 mai, l\u2019ancien directeur g\u00e9n\u00e9ral de l\u2019Agence de r\u00e9gulation des t\u00e9l\u00e9communications(ART) n\u2019a pas pu se rendre au Tribunal Criminel Sp\u00e9cial(TCS) pour la deuxi\u00e8me audience de la bataille judiciaire qui l\u2019oppose \u00e0 l\u2019Etat du Cameroun. Dans son \u00e9dition du 05 mai 2020, le journal Kalara r\u00e9v\u00e8le que les avocats de <strong>Jean-Louis Beh Mengue<\/strong> se sont pr\u00e9sent\u00e9s le jour de l\u2019audience devant les juges avec une copie du certificat m\u00e9dical attestant que leur client est atteint de coronavirus. Un fait qui a suffit \u00e0 renvoyer l\u2019audience au 25 juin prochain, sans que les avocats du d\u00e9tenu ne donnent plus d\u2019explication sur son lieu d\u2019hospitalisation.<\/p>\n<p>A 75 ans, l\u2019ex DG de l\u2019ART est en d\u00e9tention pr\u00e9ventive \u00e0 la prison centrale de Kondengui depuis bient\u00f4t 1 ans. C\u2019est dans ce milieu qu\u2019il aurait infect\u00e9 par le virus. Le journal Kalara r\u00e9v\u00e8le par ailleurs que plusieurs autres d\u00e9tenus de l\u2019op\u00e9ration \u00e9pervier seraient eux aussi contamin\u00e9s au coronavirus.<\/p>\n<p>Rappelons que Jean-Louis Beh Mengue a dirig\u00e9 l\u2019agence de r\u00e9gulation des t\u00e9l\u00e9communications pendant 18 ans avant d\u2019\u00eatre \u00e9vinc\u00e9 le 08 juin 2017. Un rapport d\u2019audit du Contr\u00f4le sup\u00e9rieur de l\u2019Etat avait \u00e9pingl\u00e9 ce dernier pour plusieurs fautes de gestion et autres d\u00e9tournements de deniers publics.<\/p>\n<p class=\"has-background has-very-light-gray-background-color c2\"><strong><code>&gt;&gt;LIRE AUSSI-<\/code><\/strong><a href=\"https:\/\/ecomatin.net\/tag\/jean-louis-beh-mengue\/\">J<strong>ean Louis Beh Mengue<\/strong><\/a><\/p>\n<div class=\"awac-wrapper awac widget posts-list-widget-13\">\n<h4 class=\"widget-title\">Recent Posts<\/h4>\n<\/div>\n<\/div>\n<\/div>\n<div readability=\"31.5\">\n<div class=\"container-wrapper subscribe-widget widget-inner-wrap subscribe-widget-content\" id=\"post-newsletter\" readability=\"33\">\n<h4>With Product You Purchase<\/h4>\n<h3>Subscribe to our mailing list to get the new updates!<\/h3>\n<p>Lorem ipsum dolor sit amet, consectetur.<\/p>\n<\/div>\n<\/div>\n<p>Auteur: EcoMatin<br \/>\n<a href=\"https:\/\/ecomatin.net\/jean-louis-beh-mengue-atteint-de-coronavirus\/\">Cliquez ici pour lire l&rsquo;article depuis sa source.<\/a><\/p>\n","protected":false},"excerpt":{"rendered":"<p>Ce lundi 04 mai, l\u2019ancien directeur g\u00e9n\u00e9ral de l\u2019Agence de r\u00e9gulation des t\u00e9l\u00e9communications(ART) n\u2019a pas pu se rendre au Tribunal Criminel Sp\u00e9cial(TCS) pour la deuxi\u00e8me audience de la bataille judiciaire qui l\u2019oppose \u00e0 l\u2019Etat du Cameroun. Dans son \u00e9dition du 05 mai 2020, le journal Kalara r\u00e9v\u00e8le que les avocats de Jean-Louis Beh Mengue se [&hellip;]<\/p>\n","protected":false},"author":1969,"featured_media":84723,"comment_status":"closed","ping_status":"closed","sticky":false,"template":"","format":"standard","meta":{"fifu_image_url":"","fifu_image_alt":"","footnotes":""},"categories":[82,78],"tags":[],"class_list":["post-84722","post","type-post","status-publish","format-standard","has-post-thumbnail","hentry","category-cameroun","category-economie"],"_links":{"self":[{"href":"https:\/\/linitiative.ca\/International\/wp-json\/wp\/v2\/posts\/84722","targetHints":{"allow":["GET"]}}],"collection":[{"href":"https:\/\/linitiative.ca\/International\/wp-json\/wp\/v2\/posts"}],"about":[{"href":"https:\/\/linitiative.ca\/International\/wp-json\/wp\/v2\/types\/post"}],"author":[{"embeddable":true,"href":"https:\/\/linitiative.ca\/International\/wp-json\/wp\/v2\/users\/1969"}],"replies":[{"embeddable":true,"href":"https:\/\/linitiative.ca\/International\/wp-json\/wp\/v2\/comments?post=84722"}],"version-history":[{"count":0,"href":"https:\/\/linitiative.ca\/International\/wp-json\/wp\/v2\/posts\/84722\/revisions"}],"wp:featuredmedia":[{"embeddable":true,"href":"https:\/\/linitiative.ca\/International\/wp-json\/"}],"wp:attachment":[{"href":"https:\/\/linitiative.ca\/International\/wp-json\/wp\/v2\/media?parent=84722"}],"wp:term":[{"taxonomy":"category","embeddable":true,"href":"https:\/\/linitiative.ca\/International\/wp-json\/wp\/v2\/categories?post=84722"},{"taxonomy":"post_tag","embeddable":true,"href":"https:\/\/linitiative.ca\/International\/wp-json\/wp\/v2\/tags?post=84722"}],"curies":[{"name":"wp","href":"https:\/\/api.w.org\/{rel}","templated":true}]}}