{"id":84724,"date":"2020-05-08T08:25:59","date_gmt":"2020-05-08T12:25:59","guid":{"rendered":"https:\/\/linitiative.ca\/International\/destinees-aux-lyceens-bacheliers-et-etudiants-supinfo-organise-ses-premieres-portes-ouvertes-virtuelles\/"},"modified":"2020-05-08T08:25:59","modified_gmt":"2020-05-08T12:25:59","slug":"destinees-aux-lyceens-bacheliers-et-etudiants-supinfo-organise-ses-premieres-portes-ouvertes-virtuelles","status":"publish","type":"post","link":"https:\/\/linitiative.ca\/International\/destinees-aux-lyceens-bacheliers-et-etudiants-supinfo-organise-ses-premieres-portes-ouvertes-virtuelles\/","title":{"rendered":"Destin\u00e9es aux lyc\u00e9ens, bacheliers et \u00e9tudiants : Supinfo organise ses premi\u00e8res portes ouvertes virtuelles"},"content":{"rendered":"<header>\n<\/header>\n<div class=\"entry-content clearfix\" readability=\"53\"><img decoding=\"async\" class=\"post_layout_5_img\" src=\"http:\/\/aujourdhui.ma\/wp-content\/uploads\/2019\/12\/Supinfo.jpg\" alt=\"Destin&#xE9;es aux lyc&#xE9;ens, bacheliers et &#xE9;tudiants : Supinfo organise ses premi&#xE8;res portes ouvertes virtuelles\"\/><\/p>\n<p><span class=\"c5\"><strong>Dans le cadre des mesures de confinement, Supinfo Maroc continue de garder le lien avec ses publics. L\u2019\u00e9cole internationale de r\u00e9f\u00e9rence organise ce samedi une journ\u00e9e portes ouvertes enti\u00e8rement virtuelle.<\/strong><\/span> <span id=\"more-344435\"\/><\/p>\n<p>Elle permettra aux lyc\u00e9ens, bacheliers et \u00e9tudiants de s\u2019informer sur les diff\u00e9rents m\u00e9tiers de l\u2019informatique et du num\u00e9rique. Cet \u00e9v\u00e9nement in\u00e9dit et novateur s\u2019appuie sur la plate-forme innovante Vagora, d\u00e9velopp\u00e9e par la soci\u00e9t\u00e9 marocaine Yomo Solutions, partenaire de Supinfo Maroc.<\/p>\n<p>Le programme de ce salon virtuel, nouvelle tendance de l\u2019\u00e9v\u00e9nementiel professionnel, comprendra des t\u00e9moignages de laur\u00e9ats et de professeurs qui pr\u00e9senteront les atouts de l\u2019\u00e9cole, ainsi que les technologies qui y sont enseign\u00e9es. Deux conf\u00e9rences, anim\u00e9es par le pr\u00e9sident de Supinfo Maroc, seront \u00e9galement propos\u00e9es sur les m\u00e9tiers de l\u2019informatique et sa place au niveau du recrutement.<\/p>\n<\/div>\n<p>Auteur: ALM<br \/>\n<a href=\"http:\/\/aujourdhui.ma\/emploi\/formation\/destinees-aux-lyceens-bacheliers-et-etudiants-supinfo-organise-ses-premieres-portes-ouvertes-virtuelles\">Cliquez ici pour lire l&rsquo;article depuis sa source.<\/a><\/p>\n","protected":false},"excerpt":{"rendered":"<p>Dans le cadre des mesures de confinement, Supinfo Maroc continue de garder le lien avec ses publics. L\u2019\u00e9cole internationale de r\u00e9f\u00e9rence organise ce samedi une journ\u00e9e portes ouvertes enti\u00e8rement virtuelle. Elle permettra aux lyc\u00e9ens, bacheliers et \u00e9tudiants de s\u2019informer sur les diff\u00e9rents m\u00e9tiers de l\u2019informatique et du num\u00e9rique. Cet \u00e9v\u00e9nement in\u00e9dit et novateur s\u2019appuie sur [&hellip;]<\/p>\n","protected":false},"author":1759,"featured_media":84725,"comment_status":"closed","ping_status":"closed","sticky":false,"template":"","format":"standard","meta":{"fifu_image_url":"","fifu_image_alt":"","footnotes":""},"categories":[73,54],"tags":[],"class_list":["post-84724","post","type-post","status-publish","format-standard","has-post-thumbnail","hentry","category-actualite","category-maroc"],"_links":{"self":[{"href":"https:\/\/linitiative.ca\/International\/wp-json\/wp\/v2\/posts\/84724","targetHints":{"allow":["GET"]}}],"collection":[{"href":"https:\/\/linitiative.ca\/International\/wp-json\/wp\/v2\/posts"}],"about":[{"href":"https:\/\/linitiative.ca\/International\/wp-json\/wp\/v2\/types\/post"}],"author":[{"embeddable":true,"href":"https:\/\/linitiative.ca\/International\/wp-json\/wp\/v2\/users\/1759"}],"replies":[{"embeddable":true,"href":"https:\/\/linitiative.ca\/International\/wp-json\/wp\/v2\/comments?post=84724"}],"version-history":[{"count":0,"href":"https:\/\/linitiative.ca\/International\/wp-json\/wp\/v2\/posts\/84724\/revisions"}],"wp:featuredmedia":[{"embeddable":true,"href":"https:\/\/linitiative.ca\/International\/wp-json\/"}],"wp:attachment":[{"href":"https:\/\/linitiative.ca\/International\/wp-json\/wp\/v2\/media?parent=84724"}],"wp:term":[{"taxonomy":"category","embeddable":true,"href":"https:\/\/linitiative.ca\/International\/wp-json\/wp\/v2\/categories?post=84724"},{"taxonomy":"post_tag","embeddable":true,"href":"https:\/\/linitiative.ca\/International\/wp-json\/wp\/v2\/tags?post=84724"}],"curies":[{"name":"wp","href":"https:\/\/api.w.org\/{rel}","templated":true}]}}