{"id":84728,"date":"2020-05-08T09:30:54","date_gmt":"2020-05-08T13:30:54","guid":{"rendered":"https:\/\/linitiative.ca\/International\/journee-de-leurope-majid-bekkas-revisite-lhymne-a-la-joie-sur-des-airs-gnaoua\/"},"modified":"2020-05-08T09:30:54","modified_gmt":"2020-05-08T13:30:54","slug":"journee-de-leurope-majid-bekkas-revisite-lhymne-a-la-joie-sur-des-airs-gnaoua","status":"publish","type":"post","link":"https:\/\/linitiative.ca\/International\/journee-de-leurope-majid-bekkas-revisite-lhymne-a-la-joie-sur-des-airs-gnaoua\/","title":{"rendered":"Journ\u00e9e de l\u2019Europe : Majid Bekkas revisite L\u2019hymne \u00e0 la joie sur des airs Gnaoua"},"content":{"rendered":"<p><img decoding=\"async\" class=\"post_layout_5_img\" src=\"http:\/\/aujourdhui.ma\/wp-content\/uploads\/2020\/05\/Majid-Bekkas.jpg\" alt=\"Journ&#xE9;e de l&#x2019;Europe : Majid Bekkas revisite L&#x2019;hymne &#xE0; la joie sur des airs Gnaoua\"\/><\/p>\n<p><span class=\"c6\"><strong><span class=\"c5\">Il donnera une performance sur les r\u00e9seaux sociaux<\/span><\/strong><\/span><span id=\"more-344468\"\/><\/p>\n<p>A l\u2019occasion de la Journ\u00e9e de l\u2019Europe, c\u00e9l\u00e9br\u00e9e chaque ann\u00e9e le 9 mai, Majid Bekkas, le \u00abmagicien des rencontres musicales\u00bb, r\u00e9interpr\u00e9tera pour ses fans \u00abL\u2019hymne \u00e0 la joie\u00bb, \u00abL\u2019hymne europ\u00e9en\u00bb, sur des airs Gnaoua, indique la d\u00e9l\u00e9gation de l\u2019Union europ\u00e9enne au Maroc. En raison du confinement, la performance sera retransmise lors d\u2019un #StayHomeConcert le samedi 9 mai \u00e0 20h30 sur les r\u00e9seaux sociaux de l\u2019Union europ\u00e9enne au Maroc sur Facebook, Instagram, Twitter et YouTube.<\/p>\n<p>\u00abJe suis heureux de pouvoir participer \u00e0 cette c\u00e9l\u00e9bration en revisitant L\u2019hymne \u00e0 la joie de Beethoven sur des m\u00e9lodies du patrimoine musical marocain que j\u2019ai l\u2019honneur de repr\u00e9senter\u00bb, s\u2019est exprim\u00e9 \u00e0 ce sujet Majid Bekkas. Son interpr\u00e9tation rappelle que la musique n\u2019a pas des fronti\u00e8res et qu\u2019elle peut parler un langage universel. La m\u00e9lodie symbolisant l\u2019Union europ\u00e9enne est celle de la Neuvi\u00e8me symphonie compos\u00e9e en 1823 par Ludwig van Beethoven, qui a mis en musique l\u2019\u00abOde \u00e0 la joie\u00bb, po\u00e8me \u00e9crit en 1785 par Friedrich Schiller. \u00abL\u2019hymne symbolise non seulement l\u2019Union europ\u00e9enne, mais aussi l\u2019Europe au sens large.<\/p>\n<p>Le po\u00e8me l\u2019\u00abOde \u00e0 la joie\u00bb exprime l\u2019id\u00e9al de fraternit\u00e9 que Schiller avait pour la race humaine, vision partag\u00e9e par Beethoven\u00bb, indiquent les organisateurs en ajoutant que, \u00ab\u00e0 l\u2019instar des versions hip hop, techno, jazz band ou trance, la version Gnaoua viendra s\u2019ajouter \u00e0 toutes les adaptations de cet hymne sans paroles qui \u00e9voque, gr\u00e2ce au langage universel de la musique, les valeurs de libert\u00e9, de paix et de solidarit\u00e9 incarn\u00e9es par l\u2019Europe.<\/p>\n<p>Le guembri, les qarqabou et les percussions traditionnelles remplaceront les instruments classiques\u00bb. Pour rappel, la Journ\u00e9e de l\u2019Europe c\u00e9l\u00e8bre la paix et l\u2019unit\u00e9 en Europe. Il s\u2019agit de la date anniversaire de la \u00abd\u00e9claration Schuman\u00bb. \u00abCe jour-l\u00e0, en 1950, Robert Schuman, alors ministre fran\u00e7ais des affaires \u00e9trang\u00e8res, propose dans un discours historique prononc\u00e9 \u00e0 Paris une nouvelle forme de coop\u00e9ration politique pour l\u2019Europe, qui rendrait impensable toute guerre entre les nations du continent\u00bb, expliquent les organisateurs.<\/p>\n<p><a href=\"http:\/\/aujourdhui.ma\/wp-content\/uploads\/2020\/05\/Europe-day-Majid-Bekkas.jpg\"><img loading=\"lazy\" decoding=\"async\" class=\"size-full wp-image-344406 aligncenter\" src=\"http:\/\/aujourdhui.ma\/wp-content\/uploads\/2020\/05\/Europe-day-Majid-Bekkas.jpg\" alt=\"\" width=\"511\" height=\"511\" srcset=\"http:\/\/aujourdhui.ma\/wp-content\/uploads\/2020\/05\/Europe-day-Majid-Bekkas.jpg 511w, http:\/\/aujourdhui.ma\/wp-content\/uploads\/2020\/05\/Europe-day-Majid-Bekkas-300x300.jpg 300w, http:\/\/aujourdhui.ma\/wp-content\/uploads\/2020\/05\/Europe-day-Majid-Bekkas-150x150.jpg 150w, http:\/\/aujourdhui.ma\/wp-content\/uploads\/2020\/05\/Europe-day-Majid-Bekkas-36x36.jpg 36w\" sizes=\"auto, (max-width: 511px) 100vw, 511px\"\/><\/a><\/p>\n<p>Auteur: Siham Jadraoui<br \/>\n<a href=\"http:\/\/aujourdhui.ma\/culture\/musique\/journee-de-leurope-majid-bekkas-revisite-lhymne-a-la-joie-sur-des-airs-gnaoua\">Cliquez ici pour lire l&rsquo;article depuis sa source.<\/a><\/p>\n","protected":false},"excerpt":{"rendered":"<p>Il donnera une performance sur les r\u00e9seaux sociaux A l\u2019occasion de la Journ\u00e9e de l\u2019Europe, c\u00e9l\u00e9br\u00e9e chaque ann\u00e9e le 9 mai, Majid Bekkas, le \u00abmagicien des rencontres musicales\u00bb, r\u00e9interpr\u00e9tera pour ses fans \u00abL\u2019hymne \u00e0 la joie\u00bb, \u00abL\u2019hymne europ\u00e9en\u00bb, sur des airs Gnaoua, indique la d\u00e9l\u00e9gation de l\u2019Union europ\u00e9enne au Maroc. En raison du confinement, la [&hellip;]<\/p>\n","protected":false},"author":1759,"featured_media":84729,"comment_status":"closed","ping_status":"closed","sticky":false,"template":"","format":"standard","meta":{"fifu_image_url":"","fifu_image_alt":"","footnotes":""},"categories":[73,54],"tags":[],"class_list":["post-84728","post","type-post","status-publish","format-standard","has-post-thumbnail","hentry","category-actualite","category-maroc"],"_links":{"self":[{"href":"https:\/\/linitiative.ca\/International\/wp-json\/wp\/v2\/posts\/84728","targetHints":{"allow":["GET"]}}],"collection":[{"href":"https:\/\/linitiative.ca\/International\/wp-json\/wp\/v2\/posts"}],"about":[{"href":"https:\/\/linitiative.ca\/International\/wp-json\/wp\/v2\/types\/post"}],"author":[{"embeddable":true,"href":"https:\/\/linitiative.ca\/International\/wp-json\/wp\/v2\/users\/1759"}],"replies":[{"embeddable":true,"href":"https:\/\/linitiative.ca\/International\/wp-json\/wp\/v2\/comments?post=84728"}],"version-history":[{"count":0,"href":"https:\/\/linitiative.ca\/International\/wp-json\/wp\/v2\/posts\/84728\/revisions"}],"wp:featuredmedia":[{"embeddable":true,"href":"https:\/\/linitiative.ca\/International\/wp-json\/"}],"wp:attachment":[{"href":"https:\/\/linitiative.ca\/International\/wp-json\/wp\/v2\/media?parent=84728"}],"wp:term":[{"taxonomy":"category","embeddable":true,"href":"https:\/\/linitiative.ca\/International\/wp-json\/wp\/v2\/categories?post=84728"},{"taxonomy":"post_tag","embeddable":true,"href":"https:\/\/linitiative.ca\/International\/wp-json\/wp\/v2\/tags?post=84728"}],"curies":[{"name":"wp","href":"https:\/\/api.w.org\/{rel}","templated":true}]}}