{"id":84730,"date":"2020-05-08T09:39:27","date_gmt":"2020-05-08T13:39:27","guid":{"rendered":"https:\/\/linitiative.ca\/International\/14364-millions-ont-ecoute-la-radio-par-jour\/"},"modified":"2020-05-08T09:39:27","modified_gmt":"2020-05-08T13:39:27","slug":"14364-millions-ont-ecoute-la-radio-par-jour","status":"publish","type":"post","link":"https:\/\/linitiative.ca\/International\/14364-millions-ont-ecoute-la-radio-par-jour\/","title":{"rendered":"14,364 millions ont \u00e9cout\u00e9 la radio par jour"},"content":{"rendered":"<p><img decoding=\"async\" class=\"post_layout_5_img\" src=\"http:\/\/aujourdhui.ma\/wp-content\/uploads\/2020\/05\/Radio.jpg\" alt=\"14,364 millions ont &#xE9;cout&#xE9; la radio par jour\"\/><\/p>\n<p><span class=\"c6\"><strong><span class=\"c5\">Radiom\u00e9trie Maroc publie ses r\u00e9sultats pour la p\u00e9riode de janvier \u00e0 mars 2020<\/span><\/strong><\/span><span id=\"more-344396\"\/><\/p>\n<p>Les Marocains confirment leur attachement au m\u00e9dia radio. C\u2019est ce qui ressort des derniers r\u00e9sultats d\u2019audience du m\u00e9dia radio publi\u00e9s par Radiom\u00e9trie Maroc pour la p\u00e9riode de janvier \u00e0 mars 2020. Dans les d\u00e9tails, les statistiques montrent que \u00abde janvier \u00e0 fin mars\u00bb, 53% du total de la population des 11 ans et plus ont \u00e9cout\u00e9 la radio en moyenne chaque jour entre 5h et 24h, soit 14.364 millions d\u2019auditeurs. Un jour moyen de week-end (WE), 49% du total des 11 ans et plus ont \u00e9t\u00e9 au rendez-vous des radios, soit 13,274 millions d\u2019individus. L\u2019\u00e9tude pr\u00e9cise qu\u2019au 1er trimestre, la dur\u00e9e moyenne d\u2019\u00e9coute par auditeur est rest\u00e9e stable un jour moyen de semaine (2h51, contre 2h50 au 1er trimestre 2019).<\/p>\n<p>La dur\u00e9e d\u2019\u00e9coute un jour moyen de WE a par contre enregistr\u00e9 un gain de sept minutes (de 2h50 \u00e0 2h57). Du lundi au vendredi, les auditeurs ont partag\u00e9 leur \u00e9coute entre 2,4 stations en moyenne (2,5 un jour moyen de WE). Radiom\u00e9trie Maroc pr\u00e9cise \u00e9galement que l\u2019audience de la tranche matinale 6h-10h a marqu\u00e9 un fl\u00e9chissement que l\u2019on imputera au mode de vie confin\u00e9 de la fin de trimestre (levers moins matinaux). Le pourcentage d\u2019auditeurs \u00e0 l\u2019\u00e9coute d\u2019un quart d\u2019heure moyen de la journ\u00e9e (entre 5h et 24h) est cependant rest\u00e9 globalement stable : 7,9%, soit 2,15 millions d\u2019auditeurs (contre 8,1%, soit 2,2 millions d\u2019auditeurs, au 1er trimestre 2019).<\/p>\n<p>La m\u00eame source d\u00e9voile le classement de l\u2019audience nationale des radios. Ainsi la Radio Mohammed VI du Saint Coran est plus que jamais leader avec une part d\u2019audience de 17,42%. Elle est suivie de Med Radio avec 11,87%, Hit Radio avec 11,85%, viennent ensuite Al Idaa Al Wataniya avec 9,97%, MFM avec 9,91%, Radio 2M 9,60%, Aswat 8,63%, Al Idaa Al Amazighiya avec 7,70%, Cap Radio avec 3,30% et Radio Plus avec 2,59%.<\/p>\n<p>Pour rappel, Radiom\u00e9trie Maroc mesure depuis 2012 l\u2019audience de toutes les stations re\u00e7ues au Maroc sur l\u2019ensemble des supports de r\u00e9ception. L\u2019enqu\u00eate comprend quatre vagues trimestrielles de 12.000 interviews en moyenne, et une vague sp\u00e9cifique Ramadan de 4.000 interviews. L\u2019audience est recueillie par interview t\u00e9l\u00e9phonique aupr\u00e8s d\u2019un \u00e9chantillon repr\u00e9sentatif de la population de 11 ans et plus r\u00e9sidant au Maroc. Les interviews sont r\u00e9alis\u00e9es depuis Casablanca par l\u2019institut Ipsos, entre 9h30 et 21h00, sur t\u00e9l\u00e9phone portable (90% des interviews) et t\u00e9l\u00e9phone fixe (10% des interviews). \u00c0 compter de la vague 28, la base d\u2019extrapolation de l\u2019\u00e9chantillon repose sur la mise \u00e0 jour 2015 des chiffres de population fournis par le Haut-Commissariat au Plan (extrapolation sur base du recensement 2004), soit 27,670 millions d\u2019habitants \u00e2g\u00e9s de 11 ans et plus, contre 26,490 millions pour les vagues pr\u00e9c\u00e9dentes.<\/p>\n<p>Auteur: Siham Jadraoui<br \/>\n<a href=\"http:\/\/aujourdhui.ma\/culture\/14364-millions-ont-ecoute-la-radio-par-jour\">Cliquez ici pour lire l&rsquo;article depuis sa source.<\/a><\/p>\n","protected":false},"excerpt":{"rendered":"<p>Radiom\u00e9trie Maroc publie ses r\u00e9sultats pour la p\u00e9riode de janvier \u00e0 mars 2020 Les Marocains confirment leur attachement au m\u00e9dia radio. C\u2019est ce qui ressort des derniers r\u00e9sultats d\u2019audience du m\u00e9dia radio publi\u00e9s par Radiom\u00e9trie Maroc pour la p\u00e9riode de janvier \u00e0 mars 2020. Dans les d\u00e9tails, les statistiques montrent que \u00abde janvier \u00e0 fin [&hellip;]<\/p>\n","protected":false},"author":1759,"featured_media":84731,"comment_status":"closed","ping_status":"closed","sticky":false,"template":"","format":"standard","meta":{"fifu_image_url":"","fifu_image_alt":"","footnotes":""},"categories":[73,54],"tags":[],"class_list":["post-84730","post","type-post","status-publish","format-standard","has-post-thumbnail","hentry","category-actualite","category-maroc"],"_links":{"self":[{"href":"https:\/\/linitiative.ca\/International\/wp-json\/wp\/v2\/posts\/84730","targetHints":{"allow":["GET"]}}],"collection":[{"href":"https:\/\/linitiative.ca\/International\/wp-json\/wp\/v2\/posts"}],"about":[{"href":"https:\/\/linitiative.ca\/International\/wp-json\/wp\/v2\/types\/post"}],"author":[{"embeddable":true,"href":"https:\/\/linitiative.ca\/International\/wp-json\/wp\/v2\/users\/1759"}],"replies":[{"embeddable":true,"href":"https:\/\/linitiative.ca\/International\/wp-json\/wp\/v2\/comments?post=84730"}],"version-history":[{"count":0,"href":"https:\/\/linitiative.ca\/International\/wp-json\/wp\/v2\/posts\/84730\/revisions"}],"wp:featuredmedia":[{"embeddable":true,"href":"https:\/\/linitiative.ca\/International\/wp-json\/"}],"wp:attachment":[{"href":"https:\/\/linitiative.ca\/International\/wp-json\/wp\/v2\/media?parent=84730"}],"wp:term":[{"taxonomy":"category","embeddable":true,"href":"https:\/\/linitiative.ca\/International\/wp-json\/wp\/v2\/categories?post=84730"},{"taxonomy":"post_tag","embeddable":true,"href":"https:\/\/linitiative.ca\/International\/wp-json\/wp\/v2\/tags?post=84730"}],"curies":[{"name":"wp","href":"https:\/\/api.w.org\/{rel}","templated":true}]}}