{"id":84734,"date":"2020-05-08T10:51:34","date_gmt":"2020-05-08T14:51:34","guid":{"rendered":"https:\/\/linitiative.ca\/International\/le-parcours-des-lions-et-wahid-est-encore-flou\/"},"modified":"2020-05-08T10:51:34","modified_gmt":"2020-05-08T14:51:34","slug":"le-parcours-des-lions-et-wahid-est-encore-flou","status":"publish","type":"post","link":"https:\/\/linitiative.ca\/International\/le-parcours-des-lions-et-wahid-est-encore-flou\/","title":{"rendered":"Le parcours des Lions et Wahid est encore flou"},"content":{"rendered":"<p class=\"has-text-color has-vivid-cyan-blue-color\"><strong>Si le sort de la Botola pourrait plus ou moins se pr\u00e9ciser ce jeudi lors de la premi\u00e8re r\u00e9union \u00e0 distance du Comit\u00e9 directeur de la F\u00e9d\u00e9ration \u00e0 propos des possibilit\u00e9s d\u2019une \u00e9ventuelle reprise dans les mois \u00e0 venir, le destin du parcours des Lions de l\u2019Atlas reste encore flou en liaison avec les prochaines \u00e9ch\u00e9ances suspendues jusqu\u2019\u00e0 nouvel ordre pour cause de la pand\u00e9mie de Coronavirus.<\/strong><\/p>\n<p class=\"c2\"><strong>Rachid Lebchir<\/strong><\/p>\n<p>Le s\u00e9lectionneur national, Vahid Halilhodzic, qui n\u2019arrive toujours pas \u00e0 b\u00e2tir une \u00e9quipe type capable de rebondir lors des prochaines \u00e9ch\u00e9ances, se trouve aujourd\u2019hui plus que jamais perturb\u00e9 par la p\u00e9riode creuse qui risque de co\u00fbter cher aux Lions de L\u2019Atlas plus proche de terminer l\u2019ann\u00e9e sans aucun match officiel.<\/p>\n<p>Halilhodzic se trouve dans une situation difficile en ces moments p\u00e9nibles d\u2019arr\u00eat forc\u00e9 des diff\u00e9rents championnats europ\u00e9ens fiefs de la majorit\u00e9 absolue des joueurs des Lions de l\u2019Atlas.<\/p>\n<p>Depuis son arriv\u00e9e \u00e0 la t\u00eate de l\u2019\u00e9quipe nationale en succ\u00e9dant \u00e0 Herv\u00e9 Renard parti suite \u00e0 une \u00e9limination pr\u00e9coce \u00e0 la CAN 2019 en \u00e9t\u00e9 dernier, Vahid Halilhodzic, n\u2019a jou\u00e9 en tout et pour tout que deux rencontres officielles, en novembre dernier, relevant des \u00e9liminatoires de la CAN 2021 (nul d\u00e9cevant \u00e0 domicile de 0-0 face \u00e0 la Mauritanie et victoire peu convaincante de 3-0 \u00e0 l\u2019ext\u00e9rieur au d\u00e9triment du Burundi). Le sort de cette CAN et sa date initiale pr\u00e9vue en janvier prochain au Cameroun mais qui suscite des interrogations du fait de la pand\u00e9mie de Covid-19, n\u2019est pas encore connu en attendant la reprise des \u00e9liminatoires avec les 3\u00e8 et 4\u00e8 journ\u00e9es qui ont \u00e9t\u00e9 report\u00e9es dont la double confrontation du Maroc contre la Centrafrique. M\u00eame chose pour les \u00e9liminatoires \u00a0fricaines du Mondial 2022 dont la phase de poules devra commencer entre le 5 et le 13 octobre \u00a0prochain. Halilhodzic et ses Lions qui se trouvent dans le groupe E en compagnie du Soudan, la Guin\u00e9e Bissau et la Guin\u00e9e n\u2019ont toujours pas d\u2019option sur les pr\u00e9paratifs escompt\u00e9s.<\/p>\n<p>Rien n\u2019a \u00e9t\u00e9 fait depuis que Vahid Halilhodzic ait convoqu\u00e9 une liste pr\u00e9liminaire \u00e9largie de 49 joueurs au d\u00e9but du mois mars afin de poursuivre les \u00e9liminatoires de la CAN avant que les comp\u00e9tions ne soient suspendues jusqu\u2019\u00e0 nouvel ordre.<\/p>\n<p>Ce qui force de grands changements dans les choix des joueurs d\u2019Halilhodzic. Car, comme d\u2019habitude, les joueurs convoqu\u00e9s \u00e9taient compos\u00e9s essentiellement des professionnels d\u2019Europe avec pas mois de 16 professionnels appartenant \u00e0 des clubs n\u00e9erlandais, fran\u00e7ais et belge, qui sont aujourd\u2019hui au ch\u00f4mage permanent. 7 joueurs aux Pays-Bas : Hakim Ziyech et Noussair Mazraoui (AFC Ajax), Amir Absalem (Almere City), Driss Saddiki (Willem II), Oussama Tannane (Vitesse Arnhem), Oussama Idrissi (AZ Alkmaar) et Rafik Zekhnini (FC Twente). 6 joueurs en France : Fouad Chafik, Nayef Aguerd et Hamza Mendyl (Dijon), Yunis Abdelhamid (Stade Reims), Yassine Benrahou (Nimes) et Rachid Alioui (Angers). 3 joueurs en Belgique : Samy Mmaee A Nwambebe (K Saint-Trond), Selim Amallah et Mehdi Carcela (Standard de Li\u00e8ge).<\/p>\n<p>Tous ces joueurs sont aujourd\u2019hui en manque de comp\u00e9tition et le seront ainsi jusqu\u2019\u00e0 la prochaine saison, puisque les championnats dans leurs pays respectifs ont \u00e9t\u00e9 annul\u00e9s et ne devraient reprendre que lors de la prochaine saison avec l\u2019espoir de la fin d\u00e9finitive de la pand\u00e9mie.<\/p>\n<p>Le reste des joueurs viennent des autres championnats qui s\u2019appr\u00eatent \u00e0 reprendre bient\u00f4t les comp\u00e9titions en \u00e9t\u00e9.<\/p>\n<p>L\u2019Espagne avec Jawad El Yamiq (Real Saragosse), Zouhair Feddal (Real B\u00e9tis), Faycal Fajr (Getafe FC), Youssef En-Nesiry, Yassine Bounou (FC S\u00e9ville) et l\u2019autre gardien de but Monir El Kajoui (FC Malaga). L\u2019Allemagne avec Abdelhamid Sabiri (SC Paderborn), Aymen Barkok (Dusseldorf ), Nassim Boujellab et Amine Harit (Schalke 04) ainsi qu\u2019Achraf Hakimi (BVB Dotmund). L\u2019Angleterre avec Saiss Ghanem (Wolverhampton) et Sofiane Boufal (Southampton). L\u2019Italie avec Sofyan Amrabat (Hellas Verona), Sofiane Kiyine (US Salernitana). Le restant des joueurs viennent de la Turquie avec Issam Chebake (Malatyaspor), Nabil Dirar (Fenerbah\u00e7e) et Younes Belhanda (Galatasaray). Le Portugal avec Adel Taarabt (Benefica). La Gr\u00e8ce avec Youssef El Arabi (Olympiakos). La Slovaquie avec Mohamed Rharsalla (Solvan Bratisalava). L\u2019Arabie saoudite avec Oualid Azzarou (Al Ittifaq) et Noureddine Amrabat (Al Nassr). L\u2019Egypte avec Achraf Bencharki (Zamalek).<\/p>\n<p>Reste les locaux de la Botola qui \u00e9taient au nombre 6 joueurs : Badr Benoun (Raja), Mohamed Ali Bamaamar (AS FAR), Abdelkrim Baadi et Karim El Berkaoui (HUSA), Walid El Karti et Yahya Jabrane (WAC) en plus des gardiens de but Reda Tagnaouti (WAC), Anas Zniti (Raja) et Hicham El Majhad (IRT).<\/p>\n<p>Tel \u00e9tait, dans l\u2019ensemble, la liste pr\u00e9liminaire des Lions choisis par Halilhodzic qui pensait la r\u00e9duire pour pouvoir poursuivre le parcours des prochaines \u00e9ch\u00e9ances en CAN 2021 et au Mondial 2022.<\/p>\n<p>Mais le parcours des Lions est encore flou pour le s\u00e9lectionneur national qui reste ainsi oblig\u00e9 de revoir ses cartes et sa strat\u00e9gie. Halilhodzic est contraint de changer sa formation, si ce n\u2019est son effectif en optant pour d\u2019autres joueurs plus aptes physiquement et techniquement.<\/p>\n<p>Et maintenant que la majorit\u00e9 des joueurs de la pr\u00e9c\u00e9dente CAN et du r\u00e9cent mondial sont en fin de carri\u00e8re, Halilhodzic et son staff devront chercher le joueur qu\u2019il faut \u00e0 la place qu\u2019il faut. Que ce soit dans les pays europ\u00e9ens qui vont bient\u00f4t retrouver leurs championnats respectifs ou ailleurs sans oublier le Maroc et sa Botola qui a \u00e9galement ses joueurs capables de porter le maillot de l\u2019\u00e9quipe nationale vers de lendemains meilleurs en CAN et au Mondial prochains\u2026<\/p>\n<p>Auteur: M&rsquo;hammed rahal<br \/>\n<a href=\"http:\/\/albayane.press.ma\/le-parcours-des-lions-et-wahid-est-encore-flou.html\">Cliquez ici pour lire l&rsquo;article depuis sa source.<\/a><\/p>\n","protected":false},"excerpt":{"rendered":"<p>Si le sort de la Botola pourrait plus ou moins se pr\u00e9ciser ce jeudi lors de la premi\u00e8re r\u00e9union \u00e0 distance du Comit\u00e9 directeur de la F\u00e9d\u00e9ration \u00e0 propos des possibilit\u00e9s d\u2019une \u00e9ventuelle reprise dans les mois \u00e0 venir, le destin du parcours des Lions de l\u2019Atlas reste encore flou en liaison avec les prochaines [&hellip;]<\/p>\n","protected":false},"author":1760,"featured_media":0,"comment_status":"closed","ping_status":"closed","sticky":false,"template":"","format":"standard","meta":{"fifu_image_url":"","fifu_image_alt":"","footnotes":""},"categories":[73,54],"tags":[],"class_list":["post-84734","post","type-post","status-publish","format-standard","hentry","category-actualite","category-maroc"],"_links":{"self":[{"href":"https:\/\/linitiative.ca\/International\/wp-json\/wp\/v2\/posts\/84734","targetHints":{"allow":["GET"]}}],"collection":[{"href":"https:\/\/linitiative.ca\/International\/wp-json\/wp\/v2\/posts"}],"about":[{"href":"https:\/\/linitiative.ca\/International\/wp-json\/wp\/v2\/types\/post"}],"author":[{"embeddable":true,"href":"https:\/\/linitiative.ca\/International\/wp-json\/wp\/v2\/users\/1760"}],"replies":[{"embeddable":true,"href":"https:\/\/linitiative.ca\/International\/wp-json\/wp\/v2\/comments?post=84734"}],"version-history":[{"count":0,"href":"https:\/\/linitiative.ca\/International\/wp-json\/wp\/v2\/posts\/84734\/revisions"}],"wp:attachment":[{"href":"https:\/\/linitiative.ca\/International\/wp-json\/wp\/v2\/media?parent=84734"}],"wp:term":[{"taxonomy":"category","embeddable":true,"href":"https:\/\/linitiative.ca\/International\/wp-json\/wp\/v2\/categories?post=84734"},{"taxonomy":"post_tag","embeddable":true,"href":"https:\/\/linitiative.ca\/International\/wp-json\/wp\/v2\/tags?post=84734"}],"curies":[{"name":"wp","href":"https:\/\/api.w.org\/{rel}","templated":true}]}}