{"id":84736,"date":"2020-05-08T11:17:46","date_gmt":"2020-05-08T15:17:46","guid":{"rendered":"https:\/\/linitiative.ca\/International\/le-deconfinement-doit-tenir-compte-de-la-situation-epidemiologique\/"},"modified":"2020-05-08T11:17:46","modified_gmt":"2020-05-08T15:17:46","slug":"le-deconfinement-doit-tenir-compte-de-la-situation-epidemiologique","status":"publish","type":"post","link":"https:\/\/linitiative.ca\/International\/le-deconfinement-doit-tenir-compte-de-la-situation-epidemiologique\/","title":{"rendered":"Le d\u00e9confinement doit tenir compte de la situation \u00e9pid\u00e9miologique"},"content":{"rendered":"<p class=\"has-text-color has-vivid-red-color c2\"><strong>Interview t\u00e9l\u00e9vis\u00e9e de Saad Dine El Otmani<\/strong><\/p>\n<p class=\"has-text-color c3\"><strong>Le chef du gouvernement Saad Dine El Otmani a affirm\u00e9, jeudi soir, que le d\u00e9confinement est plus difficile que son instauration, parce qu\u2019un tel processus reste tributaire de la situation \u00e9pid\u00e9miologique.<\/strong><\/p>\n<p>Lors d\u2019une interview diffus\u00e9e sur des chaines TV nationales, M. El Otmani a expliqu\u00e9 que \u00able premier souci du gouvernement consiste \u00e0 \u00e9viter toute marche en arri\u00e8re et \u00e0 se prot\u00e9ger du pire, tout en continuant \u00e0 progresser en d\u00e9pit des sacrifices consentis\u00bb.<\/p>\n<p>\u00abL\u2019ex\u00e9cutif est en train d\u2019\u00e9laborer un ensemble de sc\u00e9narios pour l\u2019apr\u00e8s 20 mai, qui seront annonc\u00e9s au public au moment opportun\u00bb, a-t-il indiqu\u00e9, soulignant que \u00abla bataille est encore longue\u00bb.<\/p>\n<p>Le chef du gouvernement a en outre pr\u00e9cis\u00e9 qu\u2019il sera proc\u00e9d\u00e9 \u00e0 l\u2019examen de la phase post-coronavirus en profondeur ainsi que des moyens \u00e0 m\u00eame de la g\u00e9rer, notant que le gouvernement ne dispose pas d\u2019une vision d\u00e9finitive pour la p\u00e9riode post-crise, mais des scenarii sont en cours d\u2019\u00e9laboration par les minist\u00e8res de la Sant\u00e9 et de l\u2019Int\u00e9rieur.<\/p>\n<p>Concernant le co\u00fbt \u00e9conomique de la pand\u00e9mie, il a estim\u00e9 que \u00abpersonne ne peut dresser une \u00e9valuation \u00e0 ce sujet\u00bb, pr\u00e9cisant que 62% des entreprises ont d\u00e9clar\u00e9 un arr\u00eat temporaire ou d\u00e9finitif de leurs activit\u00e9s et que le gouvernement est conscient des difficult\u00e9s \u00e9conomiques et accompagne le Comit\u00e9 de veille \u00e9conomique dans l\u2019\u00e9laboration de sc\u00e9narios de relance.<\/p>\n<p>M. El Otmani a \u00e0 cet \u00e9gard expliqu\u00e9 que les professionnels de tous les secteurs ont commenc\u00e9 \u00e0 r\u00e9fl\u00e9chir aux moyens de r\u00e9aliser la relance \u00e9conomique, relevant qu\u2019il s\u2019agit de rassembler ces sc\u00e9narios pour \u00e9laborer une vision globale.<\/p>\n<p>Il a \u00e9galement salu\u00e9 les secteurs qui ont pu poursuivre leurs activit\u00e9s en ces circonstances exceptionnelles comme ceux de l\u2019agroalimentaire, de l\u2019agriculture ou encore de la p\u00eache maritime, de m\u00eame que certaines industries soutenues par l\u2019ex\u00e9cutif. Les mesures prises ont en effet permis de produire 9 millions de masques sanitaires par jour.<\/p>\n<p>Evoquant l\u2019\u00e9volution de la pand\u00e9mie du coronavirus, M. El Otmani a affirm\u00e9 que la situation \u00e9pid\u00e9miologique demeure ma\u00eetris\u00e9e, faisant \u00e9tat d\u2019une am\u00e9lioration dans un certain nombre d\u2019indicateurs puisque le nombre de personnes gu\u00e9ries chaque jour d\u00e9passe les nouveaux cas de contamination.<\/p>\n<p>\u00abPlus de 90% des cas confirm\u00e9s sont en \u00e9tat de sant\u00e9 jug\u00e9 b\u00e9nin d\u00e8s lors qu\u2019ils repr\u00e9sentent quelques sympt\u00f4mes mais qui ne sont pas inqui\u00e9tants\u00bb, s\u2019est-il r\u00e9joui, notant que le nombre de cas critiques est en baisse jour apr\u00e8s jour gr\u00e2ce aux efforts d\u00e9ploy\u00e9s.<\/p>\n<p>Il a aussi fait observer que le taux de l\u00e9talit\u00e9 a baiss\u00e9 pour atteindre 3,3%, ce qui explique selon lui que l\u2019intervention sanitaire a \u00e9t\u00e9 efficace et \u00abque nous avons pu \u00e9viter le pire\u00bb gr\u00e2ce aux mesures pr\u00e9ventives gr\u00e2ce auxquelles le Royaume a pu \u00e9viter 200 d\u00e9c\u00e8s par jour.<\/p>\n<p class=\"has-text-color has-vivid-red-color c2\"><strong>Rapatriement de Marocains bloqu\u00e9s \u00e0 l\u2019\u00e9tranger<\/strong><\/p>\n<p class=\"has-text-color has-vivid-cyan-blue-color c2\"><strong>Des sc\u00e9narios sont en cours de pr\u00e9paration<\/strong><\/p>\n<p>Dans cette interview, M. El Otmani a affirm\u00e9 que d\u00e8s l\u2019ouverture des fronti\u00e8res, il sera proc\u00e9d\u00e9 au rapatriement des Marocains bloqu\u00e9s, soulignant la n\u00e9cessit\u00e9 de trouver une solution \u00e0 cette probl\u00e9matique afin de faire d\u2019un tel retour un nouvel acquis pour le Royaume en plein combat contre la pand\u00e9mie du coronavirus.<\/p>\n<p>Le gouvernement est soucieux de la situation de cette frange de citoyens qu\u2019il accompagne en permanence, a-t-il assur\u00e9, rappelant la mobilisation qui a permis de cr\u00e9er 155 centres et cellules de veille au niveau des diff\u00e9rents consulats et ambassades du Royaume dans les pays d\u2019accueil.<\/p>\n<p>A cet \u00e9gard, le minist\u00e8re comp\u00e9tent a pris en charge les frais de soins ou d\u2019h\u00e9bergement de 5.700 Marocains bloqu\u00e9es \u00e0 l\u2019\u00e9tranger, soit 25% d\u2019entre eux, comme il leur a assur\u00e9 d\u2019autres prestations, a poursuivi le chef du gouvernement, mettant l\u2019accent sur l\u2019imp\u00e9ratif de pr\u00e9parer leur retour dans les meilleures conditions.<br \/>Sur un autre registre, il a abord\u00e9 le sort de l\u2019actuelle ann\u00e9e scolaire en affirmant qu\u2019il n\u2019y aura pas d\u2019ann\u00e9e blanche. Il y a nombre de scenarii qu\u2019il s\u2019agit de trancher au cours des prochains jours avant d\u2019annoncer l\u2019approche adopt\u00e9e pour la cl\u00f4ture de l\u2019ann\u00e9e scolaire, a-t-il r\u00e9v\u00e9l\u00e9.<\/p>\n<p>Il a dans ce contexte rappel\u00e9 la mise en place de groupes de travail charg\u00e9s de trouver une solution appropri\u00e9e avec l\u2019ensemble des parties prenantes en vue de boucler l\u2019ann\u00e9e scolaire dans les meilleures conditions, soulignant que les contacts avec le minist\u00e8re de tutelle se poursuivent dans le souci de trouver une solution dans les plus brefs d\u00e9lais concernant le d\u00e9roulement des examens.<\/p>\n<p>Dans le m\u00eame sillage, le chef du gouvernement a qualifi\u00e9 d\u2019extr\u00eamement important ce qui a \u00e9t\u00e9 d\u00e9ploy\u00e9 dans l\u2019enseignement \u00e0 distance, exprimant sa gratitude et sa consid\u00e9ration pour la famille de l\u2019enseignement et des r\u00e9sultats r\u00e9alis\u00e9s concernant la mise en place de plateformes \u00e9lectroniques d\u00e9di\u00e9es ainsi que la mobilisation des cha\u00eenes de t\u00e9l\u00e9vision.<\/p>\n<p>Il a en outre mis en avant l\u2019importance accord\u00e9e au secteur de la sant\u00e9 dans le cadre du fonds de gestion de la pand\u00e9mie dans la mesure o\u00f9 une enveloppe budg\u00e9taire de pr\u00e8s de deux milliards de dirhams y a \u00e9t\u00e9 affect\u00e9, outre le soutien apport\u00e9 aux entreprises, aux salari\u00e9s et aux diff\u00e9rents m\u00e9tiers.<\/p>\n<p>El Otmani a \u00e9galement affirm\u00e9 qu\u2019aucune d\u00e9cision n\u2019a \u00e9t\u00e9 prise s\u2019agissant du soutien des entreprises ou aux \u00e9tablissements, assurant que le soutien est orient\u00e9 vers les salari\u00e9s en arr\u00eat de travail au sein de ces structures.<br \/>Il a aussi a rappel\u00e9 les trois possibilit\u00e9s pour faire b\u00e9n\u00e9ficier les professionnels des facilit\u00e9s du fonds. Il s\u2019agit des salari\u00e9s des entreprises ayant d\u00e9clar\u00e9 un arr\u00eat provisoire d\u2019activit\u00e9 et des affili\u00e9s \u00e0 la Caisse nationale de s\u00e9curit\u00e9 sociale qui ont b\u00e9n\u00e9fici\u00e9 d\u2019une indemnit\u00e9 en mars dernier, outre les ram\u00e9distes et les non-ramedistes du secteur informel.<\/p>\n<p>Dans ce cadre, le chef du gouvernement a qualifi\u00e9 de sans pr\u00e9c\u00e9dent dans l\u2019histoire du Maroc le soutien apport\u00e9 \u00e0 pr\u00e8s de 5.100.000 de personnes.<\/p>\n<p>Auteur: M&rsquo;hammed rahal<br \/>\n<a href=\"http:\/\/albayane.press.ma\/le-deconfinement-doit-tenir-compte-de-la-situation-epidemiologique.html\">Cliquez ici pour lire l&rsquo;article depuis sa source.<\/a><\/p>\n","protected":false},"excerpt":{"rendered":"<p>Interview t\u00e9l\u00e9vis\u00e9e de Saad Dine El Otmani Le chef du gouvernement Saad Dine El Otmani a affirm\u00e9, jeudi soir, que le d\u00e9confinement est plus difficile que son instauration, parce qu\u2019un tel processus reste tributaire de la situation \u00e9pid\u00e9miologique. Lors d\u2019une interview diffus\u00e9e sur des chaines TV nationales, M. El Otmani a expliqu\u00e9 que \u00able premier [&hellip;]<\/p>\n","protected":false},"author":1760,"featured_media":0,"comment_status":"closed","ping_status":"closed","sticky":false,"template":"","format":"standard","meta":{"fifu_image_url":"","fifu_image_alt":"","footnotes":""},"categories":[73,54],"tags":[],"class_list":["post-84736","post","type-post","status-publish","format-standard","hentry","category-actualite","category-maroc"],"_links":{"self":[{"href":"https:\/\/linitiative.ca\/International\/wp-json\/wp\/v2\/posts\/84736","targetHints":{"allow":["GET"]}}],"collection":[{"href":"https:\/\/linitiative.ca\/International\/wp-json\/wp\/v2\/posts"}],"about":[{"href":"https:\/\/linitiative.ca\/International\/wp-json\/wp\/v2\/types\/post"}],"author":[{"embeddable":true,"href":"https:\/\/linitiative.ca\/International\/wp-json\/wp\/v2\/users\/1760"}],"replies":[{"embeddable":true,"href":"https:\/\/linitiative.ca\/International\/wp-json\/wp\/v2\/comments?post=84736"}],"version-history":[{"count":0,"href":"https:\/\/linitiative.ca\/International\/wp-json\/wp\/v2\/posts\/84736\/revisions"}],"wp:attachment":[{"href":"https:\/\/linitiative.ca\/International\/wp-json\/wp\/v2\/media?parent=84736"}],"wp:term":[{"taxonomy":"category","embeddable":true,"href":"https:\/\/linitiative.ca\/International\/wp-json\/wp\/v2\/categories?post=84736"},{"taxonomy":"post_tag","embeddable":true,"href":"https:\/\/linitiative.ca\/International\/wp-json\/wp\/v2\/tags?post=84736"}],"curies":[{"name":"wp","href":"https:\/\/api.w.org\/{rel}","templated":true}]}}