{"id":84747,"date":"2020-05-08T08:33:09","date_gmt":"2020-05-08T12:33:09","guid":{"rendered":"https:\/\/linitiative.ca\/International\/ouargla-les-traditions-ramadhanesques-contrariees-par-le-confinement\/"},"modified":"2020-05-08T08:33:09","modified_gmt":"2020-05-08T12:33:09","slug":"ouargla-les-traditions-ramadhanesques-contrariees-par-le-confinement","status":"publish","type":"post","link":"https:\/\/linitiative.ca\/International\/ouargla-les-traditions-ramadhanesques-contrariees-par-le-confinement\/","title":{"rendered":"Ouargla: les traditions ramadhanesques contrari\u00e9es par le confinement"},"content":{"rendered":"<div readability=\"36\">\n<p>OUARGLA- Plusieurs coutumes et habitudes ramadhanesques, ressuscit\u00e9es chaque ann\u00e9e au sein de la soci\u00e9t\u00e9 Ouarglie, ont du \u00eatre \u00e9vit\u00e9es cette ann\u00e9e en raison du confinement impos\u00e9 par les mesures pr\u00e9ventives contre la propagation de la pand\u00e9mie du nouveau Coronavirus (Covid-19).<\/p>\n<\/div>\n<div readability=\"165\">\n<p>D\u2019habitude, le mois sacr\u00e9 constitue une conjoncture propice pour renouer avec des traditions socioreligieuses, les regroupements sociaux conviviaux, l\u2019Iftar collectif, les visites et veill\u00e9es ramadhanesques pour perp\u00e9tuer des Halqate et revivifier aussi des rituels de partage de plats culinaire, \u00e0 l\u2019instar de la tradition connue localement sous le nom de \u00ab\u00a0Deyra\u00a0\u00bb.<\/p>\n<p>Cette ann\u00e9e, la pand\u00e9mie de Covid-19 a contrari\u00e9 toute projection religieuse et socioculturelle, \u00e0 travers la fermeture des mosqu\u00e9es, des salons de th\u00e9, caf\u00e9t\u00e9rias et locaux commerciaux, chamboulant ainsi toutes les programmations, individuelles et collectives, et imposant une \u00ab\u00a0assignation \u00e0 r\u00e9sidence\u00a0\u00bb aux citoyens.<\/p>\n<p>Mme. Halima, quinquag\u00e9naire, femme au foyer, avoue ne \u00ab\u00a0pas percevoir cette ann\u00e9e le charme des pr\u00e9c\u00e9dents Ramadhan, du fait du confinement impos\u00e9 par le Coronavirus, en plus de la contrainte de rester cloitr\u00e9e entre quatre murs, \u00e0 ne vaquer qu\u2019aux activit\u00e9s domestiques dans un espace limit\u00e9.<\/p>\n<p>Mme.Fatima, septuag\u00e9naire se dit elle, s\u2019\u00eatre \u00ab\u00a0retrouv\u00e9e, en compagnie de voisines, bloqu\u00e9es par la pand\u00e9mie\u00a0\u00bb qui les a \u00ab\u00a0priv\u00e9es d\u2019un mois de ferveur, notamment des Tarawih (pri\u00e8res sur\u00e9rogatoires) et des rencontres conviviales habituelles qui font le charme du Ramadhan\u00a0\u00bb.<\/p>\n<blockquote readability=\"16\">\n<p><strong><em>\u00ab\u00a0C\u2019est la premi\u00e8re fois dans ma vie que je vis cette situation exceptionnelle et passe un mois de Ramadhan calfeutr\u00e9 \u00e0 la maison, en raison des conditions impos\u00e9es par le Covid-19, privant les fid\u00e8les de se rendre aux lieux de culte, les commer\u00e7ants de vaquer \u00e0 leurs activit\u00e9s et les citoyens de d\u00e9ambuler librement\u00a0\u00bb, a affirm\u00e9, pour sa part, Hadj Mohamed qui appelle, cependant, au respect des mesures de pr\u00e9vention contre le Covid-19.<\/em><\/strong><\/p>\n<\/blockquote>\n<p>Les jeunes Ahmed et Amine ont, de leur c\u00f4t\u00e9, exprim\u00e9 un grand regret de ne pouvoir s\u2019attabler ce Ramadhan en groupe et partager l\u2019Iftar avec d\u2019autres amis et voisins.<\/p>\n<p>\u00ab\u00a0J\u2019\u00e9tais habitu\u00e9 lors des pr\u00e9c\u00e9dents Ramadhan \u00e0 go\u00fbter, en compagnie de mes amis, \u00e0 la saveur de l\u2019action caritative collective au service des je\u00fbneurs\u00a0\u00bb, a indiqu\u00e9 le jeune Amine, qui s\u2019est dit d\u00e9termin\u00e9 quant m\u00eame, bien que quelque peu chagrin\u00e9, de mettre la main \u00e0 la p\u00e2te pour distribuer, avant l\u2019heure de l\u2019Iftar, des repas aux passagers et d\u00e9munis, notamment les ressortissants africains.<\/p>\n<p><strong>\u00a0<\/strong><\/p>\n<p><strong>Les consignes de pr\u00e9vention, brident la tentation de tourn\u00e9e des\u00a0\u00a0\u00a0<\/strong><\/p>\n<p><strong>march\u00e9s<\/strong><\/p>\n<p>De nombreux Ouarglis se sont pli\u00e9s \u00e0 cette situation de d\u00e9sertion des rues et lieux de rencontres en cette p\u00e9riode de l\u2019ann\u00e9e o\u00f9, d\u2019habitude, ils grouillent de monde, notamment dans le centre-ville.<\/p>\n<p>Si certains ont salu\u00e9 les mesures pr\u00e9ventives intervenant dans les efforts de pr\u00e9servation de la sant\u00e9 publique contre le Coronavirus, d\u2019autres pensent, par contre, qu\u2019elles les privent de sortie pour se d\u00e9gourdir les jambes dans les march\u00e9s, \u00e0 l\u2019image d\u2019Imene, la quarantaine et femme au foyer, qui estime \u00ab\u00a0\u2019impossible d\u2019enfreindre le confinement partiel pour sortir faire les achats de l&rsquo;A\u00efd, en plus de la fermeture des boutiques\u00a0\u00bb.<\/p>\n<blockquote readability=\"16\">\n<p><strong><em>Approch\u00e9s par l\u2019APS, des commer\u00e7ants de pr\u00eat-\u00e0-porter au niveau du quartier Chorfa \u00e0 Ouargla, se sont dit \u00ab\u00a0frapp\u00e9s de plein fouet par les circonstances actuelles, notamment le commerce de la p\u00e2tisserie, des chaussures, de l\u2019habillement et de la mercerie, se trouvant oblig\u00e9s de proposer et livrer leurs articles, via Facebook, et pr\u00e9server une client\u00e8le fid\u00e9lis\u00e9e depuis des ann\u00e9es\u00a0\u00bb.<\/em><\/strong><\/p>\n<\/blockquote>\n<p>D\u2019autres commer\u00e7ants semblent ne pas \u00eatre secou\u00e9s par la p\u00e9nurie et les fluctuations commerciales induites par la conjoncture difficile actuelle, \u00e0 l\u2019instar de commer\u00e7antes dans l\u2019informel exposant \u00e0 domicile, dans diff\u00e9rents quartiers, des produits et articles f\u00e9minins, pour les enfants et m\u00eames pour des jeunes. Un commerce tr\u00e8s attractif des femmes, dit-on.<\/p>\n<p>Mme. Lamia, femme au foyer \u00e0 la cit\u00e9 Enasr, a avou\u00e9 que cette ann\u00e9e, contrairement aux ann\u00e9es pr\u00e9c\u00e9dentes o\u00f9 les habits de l&rsquo;A\u00efd pour les enfants \u00e9taient achet\u00e9s avant le Ramadhan, elle a eu recours \u00e0 une vendeuse via Facebook pour se procurer ses articles, en d\u00e9pit de leur chert\u00e9 et de leur gamme r\u00e9duite et non renouvel\u00e9e.<\/p>\n<p>Une sp\u00e9cialiste de ce type de commerce virtuel a, de son c\u00f4t\u00e9, reconnu vertement que \u00ab\u00a0le malheur des uns fait le bonheur des autres\u00a0\u00bb, expliquant que la fermeture des boutiques a ouvert la voie au lancement d\u2019activit\u00e9s commerciales virtuelles leur permettant d\u2019attirer une client\u00e8le servie par mobile et par facilit\u00e9s.<\/p>\n<p>D\u2019autres citoyens et familles de Ouargla n\u2019ont pas h\u00e9sit\u00e9 \u00e0 relever les retomb\u00e9es positives de cette pand\u00e9mie leur permettant, reconnaissent-ils, de \u00ab\u00a0raffermir les liens familiaux, d\u2019aider leurs enfants dans leur scolarit\u00e9, et de participer, pour certains, \u00e0 des concours virtuels de diff\u00e9rents types<\/p>\n<\/div>\n<p>Auteur:<br \/>\n<a href=\"http:\/\/www.aps.dz\/regions\/104826-ouargla-les-traditions-ramadhanesques-contrariees-par-le-confinement\">Cliquez ici pour lire l&rsquo;article depuis sa source.<\/a><\/p>\n","protected":false},"excerpt":{"rendered":"<p>OUARGLA- Plusieurs coutumes et habitudes ramadhanesques, ressuscit\u00e9es chaque ann\u00e9e au sein de la soci\u00e9t\u00e9 Ouarglie, ont du \u00eatre \u00e9vit\u00e9es cette ann\u00e9e en raison du confinement impos\u00e9 par les mesures pr\u00e9ventives contre la propagation de la pand\u00e9mie du nouveau Coronavirus (Covid-19). D\u2019habitude, le mois sacr\u00e9 constitue une conjoncture propice pour renouer avec des traditions socioreligieuses, les [&hellip;]<\/p>\n","protected":false},"author":1790,"featured_media":0,"comment_status":"closed","ping_status":"closed","sticky":false,"template":"","format":"standard","meta":{"fifu_image_url":"","fifu_image_alt":"","footnotes":""},"categories":[53,76],"tags":[],"class_list":["post-84747","post","type-post","status-publish","format-standard","hentry","category-algerie","category-regions"],"_links":{"self":[{"href":"https:\/\/linitiative.ca\/International\/wp-json\/wp\/v2\/posts\/84747","targetHints":{"allow":["GET"]}}],"collection":[{"href":"https:\/\/linitiative.ca\/International\/wp-json\/wp\/v2\/posts"}],"about":[{"href":"https:\/\/linitiative.ca\/International\/wp-json\/wp\/v2\/types\/post"}],"author":[{"embeddable":true,"href":"https:\/\/linitiative.ca\/International\/wp-json\/wp\/v2\/users\/1790"}],"replies":[{"embeddable":true,"href":"https:\/\/linitiative.ca\/International\/wp-json\/wp\/v2\/comments?post=84747"}],"version-history":[{"count":0,"href":"https:\/\/linitiative.ca\/International\/wp-json\/wp\/v2\/posts\/84747\/revisions"}],"wp:attachment":[{"href":"https:\/\/linitiative.ca\/International\/wp-json\/wp\/v2\/media?parent=84747"}],"wp:term":[{"taxonomy":"category","embeddable":true,"href":"https:\/\/linitiative.ca\/International\/wp-json\/wp\/v2\/categories?post=84747"},{"taxonomy":"post_tag","embeddable":true,"href":"https:\/\/linitiative.ca\/International\/wp-json\/wp\/v2\/tags?post=84747"}],"curies":[{"name":"wp","href":"https:\/\/api.w.org\/{rel}","templated":true}]}}