{"id":84752,"date":"2020-05-07T19:32:00","date_gmt":"2020-05-07T23:32:00","guid":{"rendered":"https:\/\/linitiative.ca\/International\/le-president-de-la-ftf-se-prononcera-demain-sur-le-sort-de-la-competition\/"},"modified":"2020-05-07T19:32:00","modified_gmt":"2020-05-07T23:32:00","slug":"le-president-de-la-ftf-se-prononcera-demain-sur-le-sort-de-la-competition","status":"publish","type":"post","link":"https:\/\/linitiative.ca\/International\/le-president-de-la-ftf-se-prononcera-demain-sur-le-sort-de-la-competition\/","title":{"rendered":"Le pr\u00e9sident de la FTF se  prononcera demain sur le sort de la comp\u00e9tition"},"content":{"rendered":"<p class=\"MsoNormal c3\"><span class=\"c2\">La FTF est bien lanc\u00e9e dans ses pr\u00e9paratifs pour la reprise du championnat, m\u00eame si les autorit\u00e9s sanitaires ne se sont pas encore prononc\u00e9es sur son projet de reprise de la comp\u00e9tition. Mais les propos encourageants du Ministre des Sports qui avait donn\u00e9 son accord pour la reprise des entra\u00eenements collectifs. Un pas d\u00e9cisif pour le retour des comp\u00e9titions sportives. Il a propos\u00e9 la date du 24 mai pour la reprise des entra\u00eenements collectifs, ce qui correspond pratiquement au programme mis en place par Wad\u00ef Jerr\u00ef.<\/span><\/p>\n<p class=\"MsoNormal c3\"><span class=\"c2\">Le pr\u00e9sident de la FTF devrait se prononcer d\u00e9finitivement sur le sort du championnat demain samedi afin de pouvoir r\u00e9pondre \u00e0 la CAF qui veut connaitre l\u2019issue des championnats dans les diff\u00e9rents pays membres de son organisation au plus vite. Elle a lanc\u00e9 un ultimatum (5 <span class=\"c4\">\u00a0<\/span>mai), mais les r\u00e9ponses tardent \u00e0 lui parvenir. <span class=\"c4\">\u00a0<\/span>Concr\u00e8tement <span class=\"c4\">\u00a0<\/span>, les choses ne seront pas aussi facile.<\/span><\/p>\n<p class=\"MsoNormal c6\"><span class=\"c5\">Pour les terrains, le pr\u00e9sident de la FTF a indiqu\u00e9 que la LNFP dispose de pas moins de 9 terrains (Rad\u00e9s, El Menzah, Bardo, La Marsa, Kram, Carthage, Oued Ellil, Hammam-Lif et Zouiten) qui seront disponibles pour accueillir les entra\u00eenements et les rencontres officielles. Or, ces terrains restent insuffisants pour abriter les entra\u00eenements et les rencontres du championnat des deux Ligues (<em>7 rencontres pour la Ligue 1 et 12 <span class=\"c4\">\u00a0<\/span>matches pour la Ligue 2 par journ\u00e9e)<\/em><\/span><\/p>\n<p class=\"MsoNormal c3\"><span class=\"c2\">Et ce ne sera pas le seul probl\u00e8me que pourra rencontrer la FTF qui va assumer la responsabilit\u00e9 d\u2019organiser les rencontres<span class=\"c4\">\u00a0<\/span> <span class=\"c4\">\u00a0<\/span>,\u00e0 la place des clubs.<\/span><\/p>\n<p class=\"MsoNormal c3\"><span class=\"c2\">Par ailleurs, cette reprise ne fait pas l\u2019unanimit\u00e9 aupr\u00e8s de toutes les \u00e9quipes, particuli\u00e8rement celle de la Ligue 1. Le pr\u00e9sident de la FTF avait d\u00e9clar\u00e9 que deux clubs, soit l\u2019ESS et le CSC refusent de reprendre la comp\u00e9tition. Mais il y a ceux qui contestent la p\u00e9riode de pr\u00e9paration, et d\u2019autres qui refusent de se d\u00e9placer \u00e0 Tunis pour terminer la saison (sur les terrains du Grand Tunis) .Ceci<span class=\"c4\">\u00a0<\/span> sans compter avec les probl\u00e8mes rencontr\u00e9s par bon nombre de<span class=\"c4\">\u00a0<\/span> clubs. A tire d\u2019exemple, le ST se pose des questions sur le moyen de <span class=\"c4\">\u00a0<\/span>r\u00e9cup\u00e9rer ses joueurs qui sont hors des fronti\u00e8res. Son pr\u00e9sident Jalel Ben A\u00efssa a sollicit\u00e9 les diff\u00e9rentes parties pour intervenir <span class=\"c4\">\u00a0<\/span>dans le <span class=\"c4\">\u00a0<\/span>rapatriement de ses joueurs, <span class=\"c4\">\u00a0<\/span>se trouvant en France et en Libye.<\/span><\/p>\n<p class=\"MsoNormal c3\"><span class=\"c2\">De toutes les fa\u00e7ons, Jerr\u00ef qui <span class=\"c4\">\u00a0<\/span>a toujours r\u00e9ussi \u00e0 imposer son mot \u00e0 ses r\u00e9calcitrants, parviendra-t-il cette fois, \u00e0 passer son projet\u00a0? Rappelons que<span class=\"c4\">\u00a0<\/span> le pr\u00e9sident de l\u2019ARP, Rached Ghannouchi a accord\u00e9 mercredi<span class=\"c4\">\u00a0<\/span> une audience au palais du Bardo,<span class=\"c4\">\u00a0<\/span> au pr\u00e9sident de la FTF,<span class=\"c4\">\u00a0<\/span> en pr\u00e9sence du Ministre des Sports\u00a0!<\/span><\/p>\n<p class=\"MsoNormal c3\"><span class=\"c2\">\u00a0<\/span><\/p>\n<p class=\"MsoNormal c8\"><strong><span class=\"c7\"><span class=\"c4\">\u00a0\u00a0\u00a0\u00a0\u00a0\u00a0\u00a0\u00a0\u00a0\u00a0\u00a0\u00a0\u00a0\u00a0\u00a0\u00a0\u00a0\u00a0\u00a0\u00a0\u00a0\u00a0\u00a0\u00a0\u00a0\u00a0\u00a0\u00a0\u00a0\u00a0\u00a0\u00a0\u00a0\u00a0\u00a0\u00a0\u00a0\u00a0\u00a0\u00a0\u00a0\u00a0\u00a0\u00a0\u00a0\u00a0\u00a0\u00a0\u00a0\u00a0\u00a0\u00a0\u00a0\u00a0\u00a0\u00a0\u00a0\u00a0\u00a0\u00a0\u00a0\u00a0\u00a0\u00a0\u00a0\u00a0\u00a0\u00a0\u00a0\u00a0\u00a0\u00a0\u00a0\u00a0\u00a0\u00a0\u00a0\u00a0\u00a0\u00a0\u00a0\u00a0\u00a0\u00a0\u00a0\u00a0\u00a0\u00a0\u00a0\u00a0\u00a0\u00a0\u00a0\u00a0\u00a0\u00a0\u00a0\u00a0\u00a0\u00a0\u00a0\u00a0\u00a0\u00a0\u00a0\u00a0\u00a0\u00a0\u00a0\u00a0\u00a0<\/span> M.R<\/span><\/strong><\/p>\n<p>Auteur: letemps1<br \/>\n<a href=\"http:\/\/www.letemps.com.tn\/article\/113653\/le-pr%C3%A9sident-de-la-ftf-se-prononcera-demain-sur-le-sort-de-la-comp%C3%A9tition\">Cliquez ici pour lire l&rsquo;article depuis sa source.<\/a><\/p>\n","protected":false},"excerpt":{"rendered":"<p>La FTF est bien lanc\u00e9e dans ses pr\u00e9paratifs pour la reprise du championnat, m\u00eame si les autorit\u00e9s sanitaires ne se sont pas encore prononc\u00e9es sur son projet de reprise de la comp\u00e9tition. Mais les propos encourageants du Ministre des Sports qui avait donn\u00e9 son accord pour la reprise des entra\u00eenements collectifs. Un pas d\u00e9cisif pour [&hellip;]<\/p>\n","protected":false},"author":1773,"featured_media":0,"comment_status":"closed","ping_status":"closed","sticky":false,"template":"","format":"standard","meta":{"fifu_image_url":"","fifu_image_alt":"","footnotes":""},"categories":[73,55],"tags":[],"class_list":["post-84752","post","type-post","status-publish","format-standard","hentry","category-actualite","category-tunisie"],"_links":{"self":[{"href":"https:\/\/linitiative.ca\/International\/wp-json\/wp\/v2\/posts\/84752","targetHints":{"allow":["GET"]}}],"collection":[{"href":"https:\/\/linitiative.ca\/International\/wp-json\/wp\/v2\/posts"}],"about":[{"href":"https:\/\/linitiative.ca\/International\/wp-json\/wp\/v2\/types\/post"}],"author":[{"embeddable":true,"href":"https:\/\/linitiative.ca\/International\/wp-json\/wp\/v2\/users\/1773"}],"replies":[{"embeddable":true,"href":"https:\/\/linitiative.ca\/International\/wp-json\/wp\/v2\/comments?post=84752"}],"version-history":[{"count":0,"href":"https:\/\/linitiative.ca\/International\/wp-json\/wp\/v2\/posts\/84752\/revisions"}],"wp:attachment":[{"href":"https:\/\/linitiative.ca\/International\/wp-json\/wp\/v2\/media?parent=84752"}],"wp:term":[{"taxonomy":"category","embeddable":true,"href":"https:\/\/linitiative.ca\/International\/wp-json\/wp\/v2\/categories?post=84752"},{"taxonomy":"post_tag","embeddable":true,"href":"https:\/\/linitiative.ca\/International\/wp-json\/wp\/v2\/tags?post=84752"}],"curies":[{"name":"wp","href":"https:\/\/api.w.org\/{rel}","templated":true}]}}