{"id":84755,"date":"2020-05-07T19:32:00","date_gmt":"2020-05-07T23:32:00","guid":{"rendered":"https:\/\/linitiative.ca\/International\/lattaquant-marocain-azaro-dans-le-viseur-du-zamalek\/"},"modified":"2020-05-07T19:32:00","modified_gmt":"2020-05-07T23:32:00","slug":"lattaquant-marocain-azaro-dans-le-viseur-du-zamalek","status":"publish","type":"post","link":"https:\/\/linitiative.ca\/International\/lattaquant-marocain-azaro-dans-le-viseur-du-zamalek\/","title":{"rendered":"L\u2019attaquant marocain, Azaro dans le viseur du Zamalek"},"content":{"rendered":"<p class=\"MsoNormal c4\"><span class=\"c3\">Pr\u00eat\u00e9 par Al Ahly d\u2019Egypte au club d\u2019Al Ittifaq d\u2019Arabie saoudite, le footballeur marocain est convoit\u00e9 par le Zamalek.<span class=\"c2\">\u00a0<\/span><\/span><\/p>\n<p class=\"MsoNormal c8\"><span class=\"c7\">Walid Azaro est sur les tablettes du club cairote du Zamalek. L\u2019entra\u00eeneur de ce dernier, Patrice Carteron, par ailleurs ancien coach du Raja de Casablanca, aurait jet\u00e9 son d\u00e9volu sur le footballeur marocain. C\u2019est en tout cas ce que rapporte le journal \u00e9gyptien\u00a0<u><span class=\"c6\"><em><span class=\"c5\">Sadaa El balad<\/span><\/em><\/span><\/u>.<\/span><\/p>\n<p class=\"MsoNormal c8\"><span class=\"c7\">Selon cette publication, l\u2019ancien attaquant du Difaa Hassani d\u2019El Jadida pourrait d\u00e9barquer au Zamalek lors du prochain mercato. <em>\u00abLe nom de Walid Azaro est cit\u00e9 dans les coulisses du club pour renforcer son attaque\u00bb,<\/em> souligne-t-on.<\/span><\/p>\n<p class=\"MsoNormal c8\"><span class=\"c7\">Walid Azaro a peu de chances de retrouver son club Al Ahly qui l\u2019avait pr\u00eat\u00e9 au club d\u2019Al Ittifaq d\u2019Arabie saoudite. D&rsquo;autant plus qu&rsquo;il n\u2019est pas en odeur de saintet\u00e9 avec son entra\u00eeneur et les dirigeants du club \u00e9gyptien, qui ne verraient pas d\u2019un mauvais \u0153il son d\u00e9part en contrepartie d\u2019une grande somme d\u2019argent.<\/span><\/p>\n<p class=\"MsoNormal c8\"><span class=\"c7\">Patrice Carteron, lui, consid\u00e8re Azaro comme l\u2019un des meilleurs attaquants africains et ambitionne de l\u2019associer \u00e0 ses compatriotes Achraf Bencharki et Mohamed Ounnajem. Mais pas s\u00fbr que l\u2019entra\u00eeneur aura gain de cause, vu qu\u2019Al Ittifaq est d\u00e9j\u00e0 en n\u00e9gociations avec Al Ahly pour engager d\u00e9finitivement le joueur marocain, quitte \u00e0 casser sa tirelire pour le garder.<\/span><\/p>\n<p>Auteur: letemps1<br \/>\n<a href=\"http:\/\/www.letemps.com.tn\/article\/113656\/l%E2%80%99attaquant-marocain-azaro-dans-le-viseur-du-zamalek\">Cliquez ici pour lire l&rsquo;article depuis sa source.<\/a><\/p>\n","protected":false},"excerpt":{"rendered":"<p>Pr\u00eat\u00e9 par Al Ahly d\u2019Egypte au club d\u2019Al Ittifaq d\u2019Arabie saoudite, le footballeur marocain est convoit\u00e9 par le Zamalek.\u00a0 Walid Azaro est sur les tablettes du club cairote du Zamalek. L\u2019entra\u00eeneur de ce dernier, Patrice Carteron, par ailleurs ancien coach du Raja de Casablanca, aurait jet\u00e9 son d\u00e9volu sur le footballeur marocain. C\u2019est en tout [&hellip;]<\/p>\n","protected":false},"author":1773,"featured_media":0,"comment_status":"closed","ping_status":"closed","sticky":false,"template":"","format":"standard","meta":{"fifu_image_url":"","fifu_image_alt":"","footnotes":""},"categories":[73,55],"tags":[],"class_list":["post-84755","post","type-post","status-publish","format-standard","hentry","category-actualite","category-tunisie"],"_links":{"self":[{"href":"https:\/\/linitiative.ca\/International\/wp-json\/wp\/v2\/posts\/84755","targetHints":{"allow":["GET"]}}],"collection":[{"href":"https:\/\/linitiative.ca\/International\/wp-json\/wp\/v2\/posts"}],"about":[{"href":"https:\/\/linitiative.ca\/International\/wp-json\/wp\/v2\/types\/post"}],"author":[{"embeddable":true,"href":"https:\/\/linitiative.ca\/International\/wp-json\/wp\/v2\/users\/1773"}],"replies":[{"embeddable":true,"href":"https:\/\/linitiative.ca\/International\/wp-json\/wp\/v2\/comments?post=84755"}],"version-history":[{"count":0,"href":"https:\/\/linitiative.ca\/International\/wp-json\/wp\/v2\/posts\/84755\/revisions"}],"wp:attachment":[{"href":"https:\/\/linitiative.ca\/International\/wp-json\/wp\/v2\/media?parent=84755"}],"wp:term":[{"taxonomy":"category","embeddable":true,"href":"https:\/\/linitiative.ca\/International\/wp-json\/wp\/v2\/categories?post=84755"},{"taxonomy":"post_tag","embeddable":true,"href":"https:\/\/linitiative.ca\/International\/wp-json\/wp\/v2\/tags?post=84755"}],"curies":[{"name":"wp","href":"https:\/\/api.w.org\/{rel}","templated":true}]}}