{"id":84756,"date":"2020-05-07T19:32:00","date_gmt":"2020-05-07T23:32:00","guid":{"rendered":"https:\/\/linitiative.ca\/International\/le-jet-prive-de-ronaldo-peut-accueillir-18-personnes\/"},"modified":"2020-05-07T19:32:00","modified_gmt":"2020-05-07T23:32:00","slug":"le-jet-prive-de-ronaldo-peut-accueillir-18-personnes","status":"publish","type":"post","link":"https:\/\/linitiative.ca\/International\/le-jet-prive-de-ronaldo-peut-accueillir-18-personnes\/","title":{"rendered":"Le jet priv\u00e9 de Ronaldo peut accueillir 18 personnes"},"content":{"rendered":"<p class=\"MsoNormal c4\"><span class=\"c3\">Apr\u00e8s s\u2019\u00eatre confin\u00e9 sur son \u00eele natale de Mad\u00e8re, Cristiano Ronaldo a pu regagner l&rsquo;Italie, lundi 4 mai, \u00e0 bord de son jet priv\u00e9. <span class=\"c2\">\u00a0<\/span>cet appareil, qui fut la cause de son retard<strong>.<\/strong><\/span><\/p>\n<p class=\"MsoNormal c6\"><span class=\"c5\">La star de la Juventus est arriv\u00e9e dans le Pi\u00e9mont en milieu de soir\u00e9e\u00a0 du lundi 4 mai, avec sa compagne, ses quatre enfants et deux employ\u00e9s. Tout ce beau monde devra observer une p\u00e9riode d\u2019isolement de 14 jours du c\u00f4t\u00e9 du Turin.<\/span><\/p>\n<p class=\"MsoNormal c6\"><span class=\"c5\">CR7 s\u2019est offert son jet priv\u00e9, un Gulfstream G200, en 2015. L\u2019appareil, estim\u00e9 \u00e0 25 millions de dollars, peut accueillir un maximum de 18 personnes et dispose, en plus d\u2019un salon bien confortable, d\u2019une douche et d\u2019un bar.<\/span><\/p>\n<p class=\"MsoNormal c6\"><span class=\"c5\">Le retour de Ronaldo en Italie avait \u00e9t\u00e9 retard\u00e9 \u00e0 cause du blocage de son avion \u00e0 Madrid par les autorit\u00e9s espagnoles.<\/span><\/p>\n<p>Auteur: letemps1<br \/>\n<a href=\"http:\/\/www.letemps.com.tn\/article\/113657\/le-jet-priv%C3%A9-de-ronaldo-peut-accueillir-18-personnes\">Cliquez ici pour lire l&rsquo;article depuis sa source.<\/a><\/p>\n","protected":false},"excerpt":{"rendered":"<p>Apr\u00e8s s\u2019\u00eatre confin\u00e9 sur son \u00eele natale de Mad\u00e8re, Cristiano Ronaldo a pu regagner l&rsquo;Italie, lundi 4 mai, \u00e0 bord de son jet priv\u00e9. \u00a0cet appareil, qui fut la cause de son retard. La star de la Juventus est arriv\u00e9e dans le Pi\u00e9mont en milieu de soir\u00e9e\u00a0 du lundi 4 mai, avec sa compagne, ses [&hellip;]<\/p>\n","protected":false},"author":1773,"featured_media":0,"comment_status":"closed","ping_status":"closed","sticky":false,"template":"","format":"standard","meta":{"fifu_image_url":"","fifu_image_alt":"","footnotes":""},"categories":[73,55],"tags":[],"class_list":["post-84756","post","type-post","status-publish","format-standard","hentry","category-actualite","category-tunisie"],"_links":{"self":[{"href":"https:\/\/linitiative.ca\/International\/wp-json\/wp\/v2\/posts\/84756","targetHints":{"allow":["GET"]}}],"collection":[{"href":"https:\/\/linitiative.ca\/International\/wp-json\/wp\/v2\/posts"}],"about":[{"href":"https:\/\/linitiative.ca\/International\/wp-json\/wp\/v2\/types\/post"}],"author":[{"embeddable":true,"href":"https:\/\/linitiative.ca\/International\/wp-json\/wp\/v2\/users\/1773"}],"replies":[{"embeddable":true,"href":"https:\/\/linitiative.ca\/International\/wp-json\/wp\/v2\/comments?post=84756"}],"version-history":[{"count":0,"href":"https:\/\/linitiative.ca\/International\/wp-json\/wp\/v2\/posts\/84756\/revisions"}],"wp:attachment":[{"href":"https:\/\/linitiative.ca\/International\/wp-json\/wp\/v2\/media?parent=84756"}],"wp:term":[{"taxonomy":"category","embeddable":true,"href":"https:\/\/linitiative.ca\/International\/wp-json\/wp\/v2\/categories?post=84756"},{"taxonomy":"post_tag","embeddable":true,"href":"https:\/\/linitiative.ca\/International\/wp-json\/wp\/v2\/tags?post=84756"}],"curies":[{"name":"wp","href":"https:\/\/api.w.org\/{rel}","templated":true}]}}