{"id":84761,"date":"2020-05-08T15:13:19","date_gmt":"2020-05-08T19:13:19","guid":{"rendered":"https:\/\/linitiative.ca\/International\/international-psg-mbappe-pose-une-condition-pour-prolonger\/"},"modified":"2020-05-08T15:13:19","modified_gmt":"2020-05-08T19:13:19","slug":"international-psg-mbappe-pose-une-condition-pour-prolonger","status":"publish","type":"post","link":"https:\/\/linitiative.ca\/International\/international-psg-mbappe-pose-une-condition-pour-prolonger\/","title":{"rendered":"International : PSG : Mbapp\u00e9 pose une condition pour prolonger"},"content":{"rendered":"<div readability=\"32\">\n<p>Auteur : <span class=\"time\">vendredi 08 mai 2020 18:15<\/span><\/p>\n<\/div>\n<div id=\"post_core\" readability=\"46\">\n<p>Pour cela, il aimerait s\u00e9curiser sa p\u00e9pite avec une prolongation de contrat. Actuellement li\u00e9 jusqu\u2019en juin 2022, Kylian Mbapp\u00e9 prend son temps pour prendre un d\u00e9cision concernant la suite de sa carri\u00e8re. Dans le viseur de Liverpool et surtout du Real Madrid, le champion du monde tricolore serait aujourd\u2019hui dispos\u00e9 \u00e0 signer un nouveau bail avec le club de la Capitale. N\u00e9anmoins selon Les-Transferts, ce dernier aurait pos\u00e9 une condition importante \u00e0 son directeur sportif.<\/p>\n<p>Il aimerait avant tout une revalorisation avec un salaire proche de celui que per\u00e7oit Neymar et surtout il voudrait inclure une clause de lib\u00e9ratoire. Cela permettrait aux dirigeants madril\u00e8nes d\u2019avoir toutes leurs chances de recruter le meilleur buteur de la Ligue 1 \u00e0 n\u2019importe quel moment.<\/p>\n<p><strong>Publi\u00e9 dans :<\/strong> <span>PSG : Kylian Mbapp\u00e9<\/span><\/p>\n<\/div>\n<p>Auteur:<br \/>\n<a href=\"http:\/\/www.lebuteur.com\/article\/detail?titre=psg-mbappe-pose-une-condition-pour-prolonger&#038;id=95870&#038;utm_source=feedburner&#038;utm_medium=feed&#038;utm_campaign=Feed%3A+GalerieFArtciles+%28Les+derniers+articles++-+lebuteur.com%29\">Cliquez ici pour lire l&rsquo;article depuis sa source.<\/a><\/p>\n","protected":false},"excerpt":{"rendered":"<p>Auteur : vendredi 08 mai 2020 18:15 Pour cela, il aimerait s\u00e9curiser sa p\u00e9pite avec une prolongation de contrat. Actuellement li\u00e9 jusqu\u2019en juin 2022, Kylian Mbapp\u00e9 prend son temps pour prendre un d\u00e9cision concernant la suite de sa carri\u00e8re. Dans le viseur de Liverpool et surtout du Real Madrid, le champion du monde tricolore serait [&hellip;]<\/p>\n","protected":false},"author":1738,"featured_media":84762,"comment_status":"closed","ping_status":"closed","sticky":false,"template":"","format":"standard","meta":{"fifu_image_url":"","fifu_image_alt":"","footnotes":""},"categories":[53,75],"tags":[],"class_list":["post-84761","post","type-post","status-publish","format-standard","has-post-thumbnail","hentry","category-algerie","category-sport"],"_links":{"self":[{"href":"https:\/\/linitiative.ca\/International\/wp-json\/wp\/v2\/posts\/84761","targetHints":{"allow":["GET"]}}],"collection":[{"href":"https:\/\/linitiative.ca\/International\/wp-json\/wp\/v2\/posts"}],"about":[{"href":"https:\/\/linitiative.ca\/International\/wp-json\/wp\/v2\/types\/post"}],"author":[{"embeddable":true,"href":"https:\/\/linitiative.ca\/International\/wp-json\/wp\/v2\/users\/1738"}],"replies":[{"embeddable":true,"href":"https:\/\/linitiative.ca\/International\/wp-json\/wp\/v2\/comments?post=84761"}],"version-history":[{"count":0,"href":"https:\/\/linitiative.ca\/International\/wp-json\/wp\/v2\/posts\/84761\/revisions"}],"wp:featuredmedia":[{"embeddable":true,"href":"https:\/\/linitiative.ca\/International\/wp-json\/"}],"wp:attachment":[{"href":"https:\/\/linitiative.ca\/International\/wp-json\/wp\/v2\/media?parent=84761"}],"wp:term":[{"taxonomy":"category","embeddable":true,"href":"https:\/\/linitiative.ca\/International\/wp-json\/wp\/v2\/categories?post=84761"},{"taxonomy":"post_tag","embeddable":true,"href":"https:\/\/linitiative.ca\/International\/wp-json\/wp\/v2\/tags?post=84761"}],"curies":[{"name":"wp","href":"https:\/\/api.w.org\/{rel}","templated":true}]}}