{"id":84763,"date":"2020-05-08T15:13:21","date_gmt":"2020-05-08T19:13:21","guid":{"rendered":"https:\/\/linitiative.ca\/International\/international-le-maire-de-manchester-repond-a-la-femme-de-di-maria\/"},"modified":"2020-05-08T15:13:21","modified_gmt":"2020-05-08T19:13:21","slug":"international-le-maire-de-manchester-repond-a-la-femme-de-di-maria","status":"publish","type":"post","link":"https:\/\/linitiative.ca\/International\/international-le-maire-de-manchester-repond-a-la-femme-de-di-maria\/","title":{"rendered":"International : Le maire de Manchester r\u00e9pond \u00e0 la femme de Di Maria"},"content":{"rendered":"<div readability=\"32\">\n<p>Auteur : <span class=\"time\">vendredi 08 mai 2020 18:16<\/span><\/p>\n<\/div>\n<div id=\"post_core\" readability=\"43.759312320917\">\n<p>Agac\u00e9 par <a href=\"https:\/\/www.lebuteur.com\/article\/detail?titre=la-femme-de-di-maria-raconte-lexperience-man-united-a-manchester-je-voulais-me-suicider&amp;id=95850\"><span class=\"c1\">les critiques au sujet de sa ville<\/span><\/a>, le maire de Manchester Andy Burnham a r\u00e9pondu avec ironie :<\/p>\n<p>\u00ab\u00a0Avant de commenter, je suis d\u2019accord avec elle sur un point. Ayant \u00e9t\u00e9 un supporter de United toute ma vie, j\u2019ai \u00e9galement trouv\u00e9 cette p\u00e9riode un peu d\u00e9primante. Son mari a \u00e9t\u00e9 achet\u00e9 pour pr\u00e8s de 60 millions de livres sterling, puis vendu un an plus tard, l\u2019un des plus gros flops de Manchester United \u00e0 n\u2019en pas douter. Nous avons des restaurants exceptionnels dans la r\u00e9gion. Je pense que ses papilles gustatives ont \u00e9t\u00e9 ternies par son aigreur et son amertume\u00a0\u00bb, a lanc\u00e9 l&rsquo;homme politique pour ESPN et comme le rapporte Maxifoot.<\/p>\n<p><strong>Publi\u00e9 dans :<\/strong> <span>manchester united<\/span><\/p>\n<\/div>\n<p>Auteur:<br \/>\n<a href=\"http:\/\/www.lebuteur.com\/article\/detail?titre=le-maire-de-manchester-repond-a-la-femme-de-di-maria&#038;id=95872&#038;utm_source=feedburner&#038;utm_medium=feed&#038;utm_campaign=Feed%3A+GalerieFArtciles+%28Les+derniers+articles++-+lebuteur.com%29\">Cliquez ici pour lire l&rsquo;article depuis sa source.<\/a><\/p>\n","protected":false},"excerpt":{"rendered":"<p>Auteur : vendredi 08 mai 2020 18:16 Agac\u00e9 par les critiques au sujet de sa ville, le maire de Manchester Andy Burnham a r\u00e9pondu avec ironie : \u00ab\u00a0Avant de commenter, je suis d\u2019accord avec elle sur un point. Ayant \u00e9t\u00e9 un supporter de United toute ma vie, j\u2019ai \u00e9galement trouv\u00e9 cette p\u00e9riode un peu d\u00e9primante. [&hellip;]<\/p>\n","protected":false},"author":1738,"featured_media":84764,"comment_status":"closed","ping_status":"closed","sticky":false,"template":"","format":"standard","meta":{"fifu_image_url":"","fifu_image_alt":"","footnotes":""},"categories":[53,75],"tags":[],"class_list":["post-84763","post","type-post","status-publish","format-standard","has-post-thumbnail","hentry","category-algerie","category-sport"],"_links":{"self":[{"href":"https:\/\/linitiative.ca\/International\/wp-json\/wp\/v2\/posts\/84763","targetHints":{"allow":["GET"]}}],"collection":[{"href":"https:\/\/linitiative.ca\/International\/wp-json\/wp\/v2\/posts"}],"about":[{"href":"https:\/\/linitiative.ca\/International\/wp-json\/wp\/v2\/types\/post"}],"author":[{"embeddable":true,"href":"https:\/\/linitiative.ca\/International\/wp-json\/wp\/v2\/users\/1738"}],"replies":[{"embeddable":true,"href":"https:\/\/linitiative.ca\/International\/wp-json\/wp\/v2\/comments?post=84763"}],"version-history":[{"count":0,"href":"https:\/\/linitiative.ca\/International\/wp-json\/wp\/v2\/posts\/84763\/revisions"}],"wp:featuredmedia":[{"embeddable":true,"href":"https:\/\/linitiative.ca\/International\/wp-json\/"}],"wp:attachment":[{"href":"https:\/\/linitiative.ca\/International\/wp-json\/wp\/v2\/media?parent=84763"}],"wp:term":[{"taxonomy":"category","embeddable":true,"href":"https:\/\/linitiative.ca\/International\/wp-json\/wp\/v2\/categories?post=84763"},{"taxonomy":"post_tag","embeddable":true,"href":"https:\/\/linitiative.ca\/International\/wp-json\/wp\/v2\/tags?post=84763"}],"curies":[{"name":"wp","href":"https:\/\/api.w.org\/{rel}","templated":true}]}}